{"id":143,"date":"2005-03-05T09:56:00","date_gmt":"2005-03-05T09:56:00","guid":{"rendered":"http:\/\/carfree.fr\/index.php\/2005\/03\/05\/lagressivit-des-automobilistes\/"},"modified":"2024-02-27T13:29:06","modified_gmt":"2024-02-27T12:29:06","slug":"lagressivit-des-automobilistes","status":"publish","type":"post","link":"https:\/\/carfree.fr\/index.php\/2005\/03\/05\/lagressivit-des-automobilistes\/","title":{"rendered":"L\u2019agressivit\u00e9 des automobilistes"},"content":{"rendered":"<p>Les cyclistes d\u00e9noncent l&rsquo;agressivit\u00e9 des automobilistes <!--more--><\/p>\n<p>\u00abAUTOMOBILISTES, calmez-vous!\u00bb C&rsquo;est le message que les V\u00e9lorutionnaires ont d\u00e9cid\u00e9 de faire passer aujourd&rsquo;hui, \u00e0 l&rsquo;occasion de leur manifestation mensuelle. Ce petit groupe de cyclistes qui battent le pav\u00e9 chaque premier samedi du mois reproche aux conducteurs de voiture d&rsquo;\u00eatre de plus en plus agressifs \u00e0 l&rsquo;encontre des v\u00e9los. \u00abComme si les automobilistes l\u00e9s\u00e9s de passer leur vie \u00e0 16,4 km\/h (NDLR : vitesse moyenne observ\u00e9e \u00e0 Paris) ressentaient le besoin de d\u00e9verser leur agressivit\u00e9 vers ceux qui ont fait le bon choix pour eux, pour la ville et pour la plan\u00e8te\u00bb, souligne le comit\u00e9 <a href=\"http:\/\/velorution.org\">V\u00e9lorution<\/a>.<\/p>\n<p>Les manifestants prendront le d\u00e9part <span style=\"font-weight: bold\">cet apr\u00e8s-midi \u00e0 14 heures de la place du Ch\u00e2telet<\/span>. Ils rejoindront le quartier des Halles pour discuter avec les automobilistes et les passants.<\/p>\n<p>M.-A.G.<br \/>\nLe Parisien, samedi 05 mars 2005<\/p>\n","protected":false},"excerpt":{"rendered":"<p>Les cyclistes d\u00e9noncent l&rsquo;agressivit\u00e9 des automobilistes<\/p>\n","protected":false},"author":11,"featured_media":45812,"comment_status":"open","ping_status":"open","sticky":false,"template":"","format":"standard","meta":[],"categories":[7],"tags":[1848,551,187,113],"views":3974,"_links":{"self":[{"href":"https:\/\/carfree.fr\/index.php\/wp-json\/wp\/v2\/posts\/143"}],"collection":[{"href":"https:\/\/carfree.fr\/index.php\/wp-json\/wp\/v2\/posts"}],"about":[{"href":"https:\/\/carfree.fr\/index.php\/wp-json\/wp\/v2\/types\/post"}],"author":[{"embeddable":true,"href":"https:\/\/carfree.fr\/index.php\/wp-json\/wp\/v2\/users\/11"}],"replies":[{"embeddable":true,"href":"https:\/\/carfree.fr\/index.php\/wp-json\/wp\/v2\/comments?post=143"}],"version-history":[{"count":0,"href":"https:\/\/carfree.fr\/index.php\/wp-json\/wp\/v2\/posts\/143\/revisions"}],"wp:featuredmedia":[{"embeddable":true,"href":"https:\/\/carfree.fr\/index.php\/wp-json\/wp\/v2\/media\/45812"}],"wp:attachment":[{"href":"https:\/\/carfree.fr\/index.php\/wp-json\/wp\/v2\/media?parent=143"}],"wp:term":[{"taxonomy":"category","embeddable":true,"href":"https:\/\/carfree.fr\/index.php\/wp-json\/wp\/v2\/categories?post=143"},{"taxonomy":"post_tag","embeddable":true,"href":"https:\/\/carfree.fr\/index.php\/wp-json\/wp\/v2\/tags?post=143"}],"curies":[{"name":"wp","href":"https:\/\/api.w.org\/{rel}","templated":true}]}}