{"id":14409,"date":"2011-06-29T12:37:47","date_gmt":"2011-06-29T11:37:47","guid":{"rendered":"http:\/\/carfree.fr\/?p=14409"},"modified":"2016-12-01T09:46:07","modified_gmt":"2016-12-01T08:46:07","slug":"il-ny-a-pas-trop-dhumains-il-y-a-trop-dautomobilistes-paul-aries","status":"publish","type":"post","link":"https:\/\/carfree.fr\/index.php\/2011\/06\/29\/il-ny-a-pas-trop-dhumains-il-y-a-trop-dautomobilistes-paul-aries\/","title":{"rendered":"\u00ab\u00a0Il n&rsquo;y a pas trop d&rsquo;humains, il y a trop d&rsquo;automobilistes.\u00a0\u00bb [Paul Ari\u00e8s]"},"content":{"rendered":"<p>\u00ab\u00a0Il n&rsquo;y a pas trop d&rsquo;humains, il y a trop d&rsquo;automobilistes.\u00a0\u00bb Paul Ari\u00e8s. Le chantre de la d\u00e9croissance r\u00e9pond ainsi \u00e0 la question de la d\u00e9mographie mondiale. Une estimation donnait le nombre d&rsquo;humains \u00e0 6.973.490.776 unit\u00e9s le 26 juin 2011 \u00e0 00h23, heure GMT+1 (Paris) [1]. Cette question de la d\u00e9mographie revient tr\u00e8s r\u00e9guli\u00e8rement dans les d\u00e9bats sur l&rsquo;avenir de l&rsquo;humanit\u00e9. Elle a le m\u00e9rite d&rsquo;\u00eatre pos\u00e9e, mais la r\u00e9ponse la moins absurde est peut-\u00eatre bien celle de Paul Ari\u00e8s, en effet. <!--more--><\/p>\n<p>Paul Ari\u00e8s prononce son aphorisme sans complaisance dans un num\u00e9ro d&rsquo;Arr\u00eat sur Images, visible en <em>streaming<\/em> sur Internet :<br \/>\n<a title=\"http:\/\/www.dailymotion.com\/video\/xi2uq5_arret-sur-images-la-decroissance_news\" href=\"http:\/\/www.dailymotion.com\/video\/xi2uq5_arret-sur-images-la-decroissance_news\" target=\"_blank\">http:\/\/www.dailymotion.com\/video\/xi2uq5_arret-sur-images-la-decroissance_news<\/a><\/p>\n<p>Ce d\u00e9bat d&rsquo;Arr\u00eat sur Images revient sur l&rsquo;image que l&rsquo;on a largement de la d\u00e9croissance, notamment dans les m\u00e9dias.<\/p>\n<p>Nota Bene : vous allez certainement \u00eatre aussi agac\u00e9 que moi par la pub r\u00e9currente qui entrecoupe toutes les 5 minutes l&rsquo;\u00e9mission, cette pub \u00e9tant m\u00eame pour une voiture (la Smart for Two, avec une pub affreusement laide) quand j&rsquo;ai regard\u00e9 \u00e0 la mi-juin.<\/p>\n<p>J&rsquo;ai relev\u00e9 quelques tr\u00e8s bons moments dans le d\u00e9bat.<\/p>\n<p>52e minute : r\u00e9flexion sur la loi en g\u00e9n\u00e9ral et le contenu de la loi. Notamment, la question du bon usage et du m\u00e9susage demandent une r\u00e9flexion forte sur la loi, sur l&rsquo;universalit\u00e9 d&rsquo;un c\u00f4t\u00e9 (le c\u00f4t\u00e9 du n\u00e9cessaire) et sur la restriction de l&rsquo;autre (le c\u00f4t\u00e9 du surplus).<\/p>\n<p>53e minute : il faut re-po\u00e9tiser notre pens\u00e9e. Paul Ari\u00e8s fait souvent appel \u00e0 nos \u00eatres ext\u00e9rieurs \u00e0 notre production salariale : nous sommes des amants, des \u00e9crivains, des convives, etc.<\/p>\n<p>60e minute : \u00e9vocation d&rsquo;Aubagne et de la gratuit\u00e9 des transports en commun. Paul Ari\u00e8s r\u00e9p\u00e8te une de ses revendications les plus \u00ab\u00a0ch\u00e8res\u00a0\u00bb (fa\u00e7on de parler).<\/p>\n<p>Apr\u00e8s le d\u00e9bat&#8230; 85e minute : g\u00e9niale chanson sur l&rsquo;\u00e9coblanchiment, intitul\u00e9e \u00ab\u00a0On va tout repeindre en vert\u00a0\u00bb (La Parisienne Lib\u00e9r\u00e9e), une chanson qu&rsquo;on peut \u00e9couter sans le d\u00e9bat ant\u00e9rieur <a title=\"http:\/\/www.dailymotion.com\/video\/xi11je_on-va-tout-repeindre-en-vert-la-parisienne-liberee_news\" href=\"http:\/\/www.dailymotion.com\/video\/xi11je_on-va-tout-repeindre-en-vert-la-parisienne-liberee_news\" target=\"_blank\">ici<\/a>.<\/p>\n<p>&#8212;&#8212;&#8212;&#8212;&#8212;&#8212;&#8212;&#8212;&#8212;&#8212;&#8212;&#8212;-<\/p>\n<p>Notes<\/p>\n<p>[1] <a title=\"http:\/\/www.worldometers.info\/fr\/\" href=\"http:\/\/www.worldometers.info\/fr\/\" target=\"_blank\">http:\/\/www.worldometers.info\/fr\/<\/a><\/p>\n","protected":false},"excerpt":{"rendered":"<p>\u00ab\u00a0Il n&rsquo;y a pas trop d&rsquo;humains, il y a trop d&rsquo;automobilistes.\u00a0\u00bb Paul Ari\u00e8s. Le chantre de la d\u00e9croissance r\u00e9pond ainsi \u00e0 la question de la d\u00e9mographie mondiale. Une estimation donnait <a class=\"more-link\" href=\"https:\/\/carfree.fr\/index.php\/2011\/06\/29\/il-ny-a-pas-trop-dhumains-il-y-a-trop-dautomobilistes-paul-aries\/\">Lire la suite&#8230;<\/a><\/p>\n","protected":false},"author":194,"featured_media":38233,"comment_status":"open","ping_status":"open","sticky":false,"template":"","format":"standard","meta":[],"categories":[73],"tags":[416,107,61,54,648],"views":7059,"_links":{"self":[{"href":"https:\/\/carfree.fr\/index.php\/wp-json\/wp\/v2\/posts\/14409"}],"collection":[{"href":"https:\/\/carfree.fr\/index.php\/wp-json\/wp\/v2\/posts"}],"about":[{"href":"https:\/\/carfree.fr\/index.php\/wp-json\/wp\/v2\/types\/post"}],"author":[{"embeddable":true,"href":"https:\/\/carfree.fr\/index.php\/wp-json\/wp\/v2\/users\/194"}],"replies":[{"embeddable":true,"href":"https:\/\/carfree.fr\/index.php\/wp-json\/wp\/v2\/comments?post=14409"}],"version-history":[{"count":0,"href":"https:\/\/carfree.fr\/index.php\/wp-json\/wp\/v2\/posts\/14409\/revisions"}],"wp:featuredmedia":[{"embeddable":true,"href":"https:\/\/carfree.fr\/index.php\/wp-json\/wp\/v2\/media\/38233"}],"wp:attachment":[{"href":"https:\/\/carfree.fr\/index.php\/wp-json\/wp\/v2\/media?parent=14409"}],"wp:term":[{"taxonomy":"category","embeddable":true,"href":"https:\/\/carfree.fr\/index.php\/wp-json\/wp\/v2\/categories?post=14409"},{"taxonomy":"post_tag","embeddable":true,"href":"https:\/\/carfree.fr\/index.php\/wp-json\/wp\/v2\/tags?post=14409"}],"curies":[{"name":"wp","href":"https:\/\/api.w.org\/{rel}","templated":true}]}}