{"id":14540,"date":"2011-06-30T08:16:46","date_gmt":"2011-06-30T07:16:46","guid":{"rendered":"http:\/\/carfree.fr\/?p=14540"},"modified":"2021-02-18T10:16:05","modified_gmt":"2021-02-18T09:16:05","slug":"moins-de-vieux-a-velo-cest-possible","status":"publish","type":"post","link":"https:\/\/carfree.fr\/index.php\/2011\/06\/30\/moins-de-vieux-a-velo-cest-possible\/","title":{"rendered":"Moins de vieux \u00e0 v\u00e9lo, c&rsquo;est possible&#8230;"},"content":{"rendered":"<p><em>\u00ab\u00a0Ensemble, tout devient possible\u00a0\u00bb<\/em>. On y a tous plus ou moins cru. En fait, ce slogan aguicheur ne visait qu&rsquo;une petite caste identifi\u00e9e ensuite comme faisant partie de l&rsquo;entourage <em>bling-bling<\/em> du postulant. <!--more--><\/p>\n<p>Aujourd&rsquo;hui, il n&rsquo;est plus question de donner \u00e0 la France une image de farniente alors que les usines manquent cruellement de bras.<\/p>\n<p>C&rsquo;est de fa\u00e7on caricaturale ce qu&rsquo;il convient de retenir du message donn\u00e9 car on sait bien que la d\u00e9sindustrialisation n&rsquo;a cess\u00e9 de cro\u00eetre au fil du temps et que la France est une grande friche industrielle.<\/p>\n<p>Il suffit de parcourir le bassin potassique en Alsace pour s&rsquo;en convaincre.<\/p>\n<p>Maintenant que les caisses sont vides <em><span style=\"font-size: x-small;\">(pas toutes)<\/span><\/em>, il est temps de retrousser les manches.<\/p>\n<p>Comme en 36!<\/p>\n<p>Enfin, petit \u00e0 petit, le gouvernement de la R\u00e9publique va arriver \u00e0 ses fins: il va y avoir moins de vieux \u00e0 v\u00e9lo sur nos routes.<\/p>\n<p>Qu&rsquo;on ne s&rsquo;y trompe pas, en repoussant l&rsquo;\u00e2ge l\u00e9gal de d\u00e9part \u00e0 la retraite, nos gouvernants ne visent qu&rsquo;une chose: faire en sorte que moins de gens se baladent dehors sans rien faire d&rsquo;autre que du v\u00e9lo.<\/p>\n<p>Si l&rsquo;on peut admettre que les riches se planquent dans des paradis lointains sous un parasol en sirotant une limonade, en revanche c&rsquo;est une atteinte grave \u00e0 l&rsquo;ordre public que de voir d\u00e9ambuler sur nos routes d&rsquo;alertes quinquas en culottes courtes.<\/p>\n<p>En allongeant progressivement l&rsquo;\u00e2ge de d\u00e9part \u00e0 la retraite \u00e0 67 ans, l&rsquo;op\u00e9ration ne peut \u00eatre que salutaire pour le bien public puisqu&rsquo;elle va enfin permettre de r\u00e9soudre le probl\u00e8me embarrassant des vieux \u00e0 v\u00e9lo sur nos routes.<\/p>\n<p>En les obligeant \u00e0 faire autre chose qu&rsquo;\u00e0 emmerder le monde sur les vicinales et \u00e0 permettre enfin aux camions de doubler sans ralentir et sans fr\u00f4ler la correctionnelle, les vieux cyclistes vont d\u00e9barrasser le terrain petit \u00e0 petit au fur et \u00e0 mesure qu&rsquo;on va les garder \u00e0 l&rsquo;usine plus longtemps.<\/p>\n<p>La grande F\u00e9d\u00e9ration Fran\u00e7aise de Cyclo Tourisme (FFCT) dont le staff et les membres\u00a0 atteignent d\u00e9j\u00e0 l&rsquo;\u00e2ge canonique va donc revoir sa strat\u00e9gie de d\u00e9veloppement et de recrutement puisqu&rsquo;elle ne pourra plus compter sur la venue de nouvelles g\u00e9n\u00e9rations de retrait\u00e9s aussi alertes dans ses rangs.<\/p>\n<p>Elle ne s&rsquo;y est d&rsquo;ailleurs pas tromp\u00e9e en se r\u00e9signant \u00e0 admettre de nouveaux adh\u00e9rents septuag\u00e9naires munis de v\u00e9los \u00e0 assistance \u00e9lectrique (VAE) et \u00e0 envisager aussi des ramassages par car pour la mont\u00e9e des ballons vosgiens lors des brevets montagnards.<\/p>\n<p>Mais n&rsquo;est-ce pas un combat d&rsquo;arri\u00e8re-garde perdu d&rsquo;avance que de vouloir maintenir co\u00fbte que co\u00fbte des vieux en forme en les incitant \u00e0 faire du v\u00e9lo? et alors que nos protections sociales sont exsangues?<\/p>\n<p>C&rsquo;est effectivement une question de soci\u00e9t\u00e9 fondamentale qui se pose.<\/p>\n<p>D\u00e9j\u00e0 les crit\u00e8res de p\u00e9nibilit\u00e9 des emplois sont revus \u00e0 la hausse pour nous rendre cagneux plus vite et des cohortes de professions \u00e0 risques rechignent; parmi eux des travailleurs post\u00e9s, des voltigeurs, des camionneurs, des mainteneurs du nucl\u00e9aire&#8230; sans parler de tous les sans voix et sans grade qui n&rsquo;ont personne pour les repr\u00e9senter.<\/p>\n<p>Apr\u00e8s avoir taill\u00e9 en pi\u00e8ces notre syst\u00e8me de protection sociale, avec le d\u00e9remboursement des m\u00e9dicaments, la fermeture des h\u00f4pitaux jug\u00e9s \u00ab\u00a0non rentables\u00a0\u00bb, le non renouvellement des personnels hospitaliers, l&rsquo;organisation d&rsquo;une m\u00e9decine \u00e0 deux vitesses privil\u00e9giant les plus riches, notre Pr\u00e9sident peut effectivement se pr\u00e9valoir d&rsquo;un bon bilan \u00e9conomique.<\/p>\n<p>Il a bien fait le job.<\/p>\n<p>On pourra lui offrir un v\u00e9lo.<\/p>\n<p>En se cotisant.<\/p>\n<p>Photo: ertzuifilm<\/p>\n","protected":false},"excerpt":{"rendered":"<p>\u00ab\u00a0Ensemble, tout devient possible\u00a0\u00bb. On y a tous plus ou moins cru. En fait, ce slogan aguicheur ne visait qu&rsquo;une petite caste identifi\u00e9e ensuite comme faisant partie de l&rsquo;entourage bling-bling <a class=\"more-link\" href=\"https:\/\/carfree.fr\/index.php\/2011\/06\/30\/moins-de-vieux-a-velo-cest-possible\/\">Lire la suite&#8230;<\/a><\/p>\n","protected":false},"author":195,"featured_media":38371,"comment_status":"open","ping_status":"open","sticky":false,"template":"","format":"standard","meta":[],"categories":[7],"tags":[646,287,412,1664],"views":6337,"_links":{"self":[{"href":"https:\/\/carfree.fr\/index.php\/wp-json\/wp\/v2\/posts\/14540"}],"collection":[{"href":"https:\/\/carfree.fr\/index.php\/wp-json\/wp\/v2\/posts"}],"about":[{"href":"https:\/\/carfree.fr\/index.php\/wp-json\/wp\/v2\/types\/post"}],"author":[{"embeddable":true,"href":"https:\/\/carfree.fr\/index.php\/wp-json\/wp\/v2\/users\/195"}],"replies":[{"embeddable":true,"href":"https:\/\/carfree.fr\/index.php\/wp-json\/wp\/v2\/comments?post=14540"}],"version-history":[{"count":0,"href":"https:\/\/carfree.fr\/index.php\/wp-json\/wp\/v2\/posts\/14540\/revisions"}],"wp:featuredmedia":[{"embeddable":true,"href":"https:\/\/carfree.fr\/index.php\/wp-json\/wp\/v2\/media\/38371"}],"wp:attachment":[{"href":"https:\/\/carfree.fr\/index.php\/wp-json\/wp\/v2\/media?parent=14540"}],"wp:term":[{"taxonomy":"category","embeddable":true,"href":"https:\/\/carfree.fr\/index.php\/wp-json\/wp\/v2\/categories?post=14540"},{"taxonomy":"post_tag","embeddable":true,"href":"https:\/\/carfree.fr\/index.php\/wp-json\/wp\/v2\/tags?post=14540"}],"curies":[{"name":"wp","href":"https:\/\/api.w.org\/{rel}","templated":true}]}}