{"id":14752,"date":"2011-08-11T08:53:16","date_gmt":"2011-08-11T07:53:16","guid":{"rendered":"http:\/\/carfree.fr\/?p=14752"},"modified":"2016-05-27T10:15:05","modified_gmt":"2016-05-27T09:15:05","slug":"preparez-le-parking-day-2011","status":"publish","type":"post","link":"https:\/\/carfree.fr\/index.php\/2011\/08\/11\/preparez-le-parking-day-2011\/","title":{"rendered":"Pr\u00e9parez le PARK(ing) DAY 2011"},"content":{"rendered":"<p><img decoding=\"async\" loading=\"lazy\" title=\"parking-day-2011\" src=\"http:\/\/carfree.fr\/images\/parking-day-2011.jpg\" alt=\"\" width=\"420\" height=\"200\" \/><\/p>\n<p>\u00c9v\u00e9nement mondial ouvert \u00e0 tous, PARK(ing) DAY envahit cette ann\u00e9e les  villes de France le 16 septembre et durant tout le week-end. <!--more--><\/p>\n<p>Citoyens, artistes, activistes&#8230; sont invit\u00e9s \u00e0 s&rsquo;approprier une  place de parking en cr\u00e9ant de mani\u00e8re temporaire des espaces de verdure  ou des lieux de convivialit\u00e9. Pendant une journ\u00e9e, les espaces b\u00e9tonn\u00e9s  deviennent des lieux d&rsquo;initiatives engag\u00e9es, originales, cr\u00e9atives et  \u00e9cologiques.<\/p>\n<p>Concours de street Badminton, terrasses mobiles, recyclage de  cagettes en cabane temporaire, voiture-jardin, terrain de mini-golf,  potagers, espace biblioth\u00e8que, lieux d&rsquo;\u00e9changes et de partages,  installations et performances artistiques&#8230; autant d&rsquo;initiatives pour  imaginer de nouveaux espaces de vie en milieu urbain et de nouveaux  usages de la ville de demain.<\/p>\n<p>Occupez de mani\u00e8re ludique et festive des places de parking dans les  villes de France, paradez \u00e0  v\u00e9lo, promenez-vous dans la ville, imaginez  des interventions artistiques \u00e9ph\u00e9m\u00e8res, participez \u00e0 des tables  rondes&#8230;<\/p>\n<p>PARK(ing) Day prend chaque ann\u00e9e de l&rsquo;ampleur ; cette ann\u00e9e, une  mobilisation et une participation massive sont attendues dans toutes les  villes de France.<\/p>\n<p><strong>PARK(ing)DAY, Quesaco ?<\/strong><\/p>\n<p>Lanc\u00e9 en 2005 \u00e0 San Francisco, Parking Day est un \u00e9v\u00e9nement mondial  citoyen qui pose la question du partage de l&rsquo;espace public et de la  qualit\u00e9 de vie en ville.<\/p>\n<p><strong>En France<\/strong><\/p>\n<p>L\u2019association D\u00e9dale s&rsquo;est fait le relais de la mobilisation citoyenne  depuis l&rsquo;an dernier. Il s&rsquo;agit pour nous d\u2019inciter les citoyens \u00e0  occuper et \u00e0 se r\u00e9approprier l\u2019espace public, de mani\u00e8re cr\u00e9ative et  ludique, en occupant une place de parking (ticket pay\u00e9 \u00e0 l&rsquo;horodateur),  le temps d\u2019une journ\u00e9e ou d\u2019un weekend.<\/p>\n<p>Les retomb\u00e9es de l&rsquo;an dernier en termes de participation et de  couverture m\u00e9diatique (tf1, arte, canal+, france info, le monde,  lib\u00e9&#8230;) ont \u00e9t\u00e9 plus que positives et nous souhaitons cette ann\u00e9e  renforcer la mobilisation et la force des actions. Les festivit\u00e9s se  prolongeront en France le week-end du 17 et 18 septembre.<\/p>\n<p>Outre la dimension festive de l\u2019\u00e9v\u00e8nement, nous souhaitons mettre en  lumi\u00e8re les enjeux urbains et sociaux de nos villes, et la possibilit\u00e9  de modes de vie alternatifs. Certaines actions-phare autour des  mobilit\u00e9s douces et alternatives seront organis\u00e9es (atelier de  customisation de v\u00e9los, parades, conf\u00e9rence\u2026)<\/p>\n<p>Comment participer ?<br \/>\n1. occupations de places de parking<br \/>\n2. mobilisation de vos r\u00e9seaux en relayant nos newsletters<\/p>\n<p><strong>Mobilisez-vous pour imaginer la ville de demain !<\/strong><\/p>\n<p><strong>RDV le 16 septembre et tout le week-end, \u00e0 Paris et partout en France !<\/strong><\/p>\n<p><a title=\"http:\/\/www.parkingday.fr\/\" href=\"http:\/\/www.parkingday.fr\/\" target=\"_blank\">http:\/\/www.parkingday.fr\/<\/a><\/p>\n","protected":false},"excerpt":{"rendered":"<p>\u00c9v\u00e9nement mondial ouvert \u00e0 tous, PARK(ing) DAY envahit cette ann\u00e9e les villes de France le 16 septembre et durant tout le week-end.<\/p>\n","protected":false},"author":37,"featured_media":14753,"comment_status":"open","ping_status":"open","sticky":false,"template":"","format":"standard","meta":[],"categories":[73],"tags":[181,352,16,61,843,215],"views":6121,"_links":{"self":[{"href":"https:\/\/carfree.fr\/index.php\/wp-json\/wp\/v2\/posts\/14752"}],"collection":[{"href":"https:\/\/carfree.fr\/index.php\/wp-json\/wp\/v2\/posts"}],"about":[{"href":"https:\/\/carfree.fr\/index.php\/wp-json\/wp\/v2\/types\/post"}],"author":[{"embeddable":true,"href":"https:\/\/carfree.fr\/index.php\/wp-json\/wp\/v2\/users\/37"}],"replies":[{"embeddable":true,"href":"https:\/\/carfree.fr\/index.php\/wp-json\/wp\/v2\/comments?post=14752"}],"version-history":[{"count":0,"href":"https:\/\/carfree.fr\/index.php\/wp-json\/wp\/v2\/posts\/14752\/revisions"}],"wp:featuredmedia":[{"embeddable":true,"href":"https:\/\/carfree.fr\/index.php\/wp-json\/"}],"wp:attachment":[{"href":"https:\/\/carfree.fr\/index.php\/wp-json\/wp\/v2\/media?parent=14752"}],"wp:term":[{"taxonomy":"category","embeddable":true,"href":"https:\/\/carfree.fr\/index.php\/wp-json\/wp\/v2\/categories?post=14752"},{"taxonomy":"post_tag","embeddable":true,"href":"https:\/\/carfree.fr\/index.php\/wp-json\/wp\/v2\/tags?post=14752"}],"curies":[{"name":"wp","href":"https:\/\/api.w.org\/{rel}","templated":true}]}}