{"id":15164,"date":"2011-09-05T09:06:19","date_gmt":"2011-09-05T08:06:19","guid":{"rendered":"http:\/\/carfree.fr\/?p=15164"},"modified":"2021-01-11T08:18:04","modified_gmt":"2021-01-11T07:18:04","slug":"julien-balkany-fait-pression-sur-les-auteurs-du-livre-le-vrai-scandale-du-gaz-de-schiste","status":"publish","type":"post","link":"https:\/\/carfree.fr\/index.php\/2011\/09\/05\/julien-balkany-fait-pression-sur-les-auteurs-du-livre-le-vrai-scandale-du-gaz-de-schiste\/","title":{"rendered":"Julien Balkany fait pression sur les auteurs du livre \u00ab\u00a0Le vrai scandale du gaz de schiste\u00a0\u00bb"},"content":{"rendered":"<p>A la veille de la parution du livre \u00ab\u00a0Le vrai scandale des gaz de schiste\u00a0\u00bb, l\u2019avocat de Julien Balkany \u00e9crit aux auteurs. <!--more--><\/p>\n<p><em>Communiqu\u00e9 de \u00ab\u00a0G\u00e9n\u00e9rations futures\u00a0\u00bb qui appelle \u00e0 envoyez nos messages de soutien \u00e0 l\u2019adresse levraiscandaledesgazdeschiste@yahoo.fr.<\/em><\/p>\n<p>Retrouvez le livre ainsi que toute l\u2019information sur la suite des \u00e9v\u00e9nements sur le site <a href=\"http:\/\/www.gaz-de-schiste.fr\/\" target=\"_blank\" rel=\"nofollow\">http:\/\/www.gaz-de-schiste.fr<\/a><\/p>\n<h3>Pressions inacceptables sur les auteurs du livre<\/h3>\n<p>A la veille de la parution du livre \u00ab\u00a0Le vrai scandale des gaz de schiste\u00a0\u00bb, l\u2019avocat de Julien Balkany \u00e9crit aux auteurs.<\/p>\n<p>A la veille de la parution du livre de Marine Jobert et Fran\u00e7ois Veillerette (porte parole de G\u00e9n\u00e9rations Futures) sur les gaz de schiste l\u2019avocat de Julien Balkany ( ex Vice Pr\u00e9sident non ex\u00e9cutif de la soci\u00e9t\u00e9 Tor\u00e9ador et demi fr\u00e8re du fameux Patrick Balkany) vient d\u2019\u00e9crire \u00e0 l\u2019\u00e9diteur et aux auteurs du livre en les mena\u00e7ant \u00e0 mots \u00e0 peine couverts de poursuites judiciaires.<\/p>\n<p><strong>Rappel.<\/strong> Pour m\u00e9moire Tor\u00e9ador s\u2019est vu d\u00e9livrer en 2009 un permis d\u2019explorer les gisements d\u2019hydrocarbures non conventionnels (ici p\u00e9trole de schiste) sur une surface de 779 km2 \u00e0 cheval sur l\u2019Aisne, la Seine et Marne et la Marne, dans le p\u00e9rim\u00e8tre du permis dit \u00ab\u00a0de Ch\u00e2teau Thierry\u00a0\u00bb.<\/p>\n<p><strong>Un livre qui d\u00e9range.<\/strong> Selon la lettre de l\u2019avocat, Ma\u00eetre Fedida, notre livre comporterait des \u00e9l\u00e9ments diffamatoires. L\u2019avocat pr\u00e9cise qu\u2019il a re\u00e7u ordre de nous \u2019mettre en garde\u2019. On ne saurait \u00eatre plus clair: ce livre d\u00e9range et le trader Julien Balkany, tr\u00e8s en pointe dans le d\u00e9veloppement de Tor\u00e9ador en France ces derni\u00e8res ann\u00e9es, essaye de faire pression sur les auteurs et l\u2019\u00e9diteur de ce livre \u00e9v\u00e9nement en laissant planer la menace de poursuites judiciaires. Alors que les permis d\u2019exploration avaient \u00e9t\u00e9 accord\u00e9s dans le plus grand secret, Monsieur Balkany voudrait maintenant sans doute que le secret continue \u00e0 r\u00e9gner sur ce dossier&#8230; Peut \u00eatre esp\u00e8re t\u2019il que l\u2019\u00e9diteur et les auteurs c\u00e9deront aux pressions et modifieront le contenu du livre&#8230; ce en quoi il se trompe lourdement\u00a0!<\/p>\n<p>\u00ab\u00a0Ce proc\u00e9d\u00e9 est insupportable\u00a0! Il vise \u00e0 restreindre notre libert\u00e9 d\u2019expression et la libert\u00e9 d\u2019information\u00a0!\u00a0\u00bb D\u00e9clare Fran\u00e7ois Veillerette, Porte Parole de G\u00e9n\u00e9rations Futures, et co auteur du livre \u2019le vrai scandale des gaz de schiste\u2019 .<\/p>\n<p>Source: <a title=\"http:\/\/www.grappebelgique.be\/\" href=\"http:\/\/www.grappebelgique.be\/\" target=\"_blank\">http:\/\/www.grappebelgique.be\/<\/a><\/p>\n","protected":false},"excerpt":{"rendered":"<p>A la veille de la parution du livre \u00ab\u00a0Le vrai scandale des gaz de schiste\u00a0\u00bb, l\u2019avocat de Julien Balkany \u00e9crit aux auteurs.<\/p>\n","protected":false},"author":38,"featured_media":38723,"comment_status":"open","ping_status":"open","sticky":false,"template":"","format":"standard","meta":[],"categories":[52,6,17],"tags":[943,16,942,1665,45],"views":5404,"_links":{"self":[{"href":"https:\/\/carfree.fr\/index.php\/wp-json\/wp\/v2\/posts\/15164"}],"collection":[{"href":"https:\/\/carfree.fr\/index.php\/wp-json\/wp\/v2\/posts"}],"about":[{"href":"https:\/\/carfree.fr\/index.php\/wp-json\/wp\/v2\/types\/post"}],"author":[{"embeddable":true,"href":"https:\/\/carfree.fr\/index.php\/wp-json\/wp\/v2\/users\/38"}],"replies":[{"embeddable":true,"href":"https:\/\/carfree.fr\/index.php\/wp-json\/wp\/v2\/comments?post=15164"}],"version-history":[{"count":0,"href":"https:\/\/carfree.fr\/index.php\/wp-json\/wp\/v2\/posts\/15164\/revisions"}],"wp:featuredmedia":[{"embeddable":true,"href":"https:\/\/carfree.fr\/index.php\/wp-json\/wp\/v2\/media\/38723"}],"wp:attachment":[{"href":"https:\/\/carfree.fr\/index.php\/wp-json\/wp\/v2\/media?parent=15164"}],"wp:term":[{"taxonomy":"category","embeddable":true,"href":"https:\/\/carfree.fr\/index.php\/wp-json\/wp\/v2\/categories?post=15164"},{"taxonomy":"post_tag","embeddable":true,"href":"https:\/\/carfree.fr\/index.php\/wp-json\/wp\/v2\/tags?post=15164"}],"curies":[{"name":"wp","href":"https:\/\/api.w.org\/{rel}","templated":true}]}}