{"id":15182,"date":"2011-09-06T09:16:25","date_gmt":"2011-09-06T08:16:25","guid":{"rendered":"http:\/\/carfree.fr\/?p=15182"},"modified":"2019-04-18T11:07:10","modified_gmt":"2019-04-18T10:07:10","slug":"parking-day-cest-maintenant","status":"publish","type":"post","link":"https:\/\/carfree.fr\/index.php\/2011\/09\/06\/parking-day-cest-maintenant\/","title":{"rendered":"Park(ing) day, c&rsquo;est maintenant"},"content":{"rendered":"<p><a title=\"http:\/\/www.parkingday.fr\/\" href=\"http:\/\/www.parkingday.fr\/\" target=\"_blank\">Park(ing) day<\/a>, on en parlait <a title=\"http:\/\/carfree.fr\/index.php\/2011\/08\/11\/preparez-le-parking-day-2011\/\" href=\"http:\/\/carfree.fr\/index.php\/2011\/08\/11\/preparez-le-parking-day-2011\/\" target=\"_blank\">ici m\u00eame<\/a> en ao\u00fbt dernier. Les derniers pr\u00e9paratifs sont en cours pour faire de cet \u00e9v\u00e9nement mondial ouvert \u00e0 tous un grand succ\u00e8s \u00e0 l&rsquo;\u00e9chelle fran\u00e7aise. <!--more--><\/p>\n<p>Pour celles et ceux qui reviennent tout juste d&rsquo;un p\u00e9riple de 3 ans \u00e0 v\u00e9lo au bout du monde, un petit cours de rattrapage: Park(ing) day, c&rsquo;est une journ\u00e9e mondiale, le 16 septembre, o\u00f9 tout le monde est invit\u00e9 \u00e0 s&rsquo;approprier une place de parking en cr\u00e9ant de mani\u00e8re temporaire des  espaces de verdure ou des lieux de convivialit\u00e9. Pendant une journ\u00e9e,  les espaces b\u00e9tonn\u00e9s deviennent des lieux d&rsquo;initiatives engag\u00e9es,  originales, cr\u00e9atives et \u00e9cologiques.<\/p>\n<p>Il y a d\u00e9j\u00e0 pas mal de villes en France qui auront le 16 septembre prochain un projet de park(ing) day: Paris, Rennes, Nantes, Rouen, Reims, Lille, Nancy, Bourges, Vend\u00f4me, Lyon, Annecy, Chamb\u00e9ry, Grenoble, Montpellier, Marseille, etc.<\/p>\n<p>Une r\u00e9union de mobilisation est pr\u00e9vue \u00e0 Paris mercredi 7 septembre. Voir ici: <a title=\"http:\/\/www.parkingday.fr\/\" href=\"http:\/\/www.parkingday.fr\/\" target=\"_blank\">http:\/\/www.parkingday.fr\/<\/a><\/p>\n<p>Et en plus, il y aura une grande Parade verte de PARK(ing) DAY organis\u00e9e le 16 septembre qui d\u00e9ambulera dans Paris \u00e0 la d\u00e9couverte des parcs \u00e9ph\u00e9m\u00e8res.<strong>V\u00e9los, trottinettes, skate-board, roller, tandem&#8230;<\/strong><strong> Customisez vos engins \u00e0 roues et rejoignez la parade\u00a0!<\/strong> RDV le 16 septembre \u00e0 10h30<strong> <\/strong>\u00e0 la Cit\u00e9 internationale universitaire de Paris, 17 bld de Jourdan, Paris 14<sup>e<\/sup><\/p>\n<p>Et Carfree dans tout \u00e7a? A vrai dire, on a un contact sur Paris qui est pr\u00eat \u00e0 monter quelque chose sur une place de park(ing) (par exemple un stand ou autre chose qui puisse parler du mouvement Carfree&#8230;). Si des carfreesiens sont int\u00e9ress\u00e9s pour y participer, RDV sur notre page contact. On fera suivre les messages.<\/p>\n<p><a title=\"http:\/\/www.parkingday.fr\/\" href=\"http:\/\/www.parkingday.fr\/\" target=\"_blank\">http:\/\/www.parkingday.fr\/<\/a><\/p>\n","protected":false},"excerpt":{"rendered":"<p>Park(ing) day, on en parlait ici m\u00eame en ao\u00fbt dernier. Les derniers pr\u00e9paratifs sont en cours pour faire de cet \u00e9v\u00e9nement mondial ouvert \u00e0 tous un grand succ\u00e8s \u00e0 l&rsquo;\u00e9chelle <a class=\"more-link\" href=\"https:\/\/carfree.fr\/index.php\/2011\/09\/06\/parking-day-cest-maintenant\/\">Lire la suite&#8230;<\/a><\/p>\n","protected":false},"author":1390,"featured_media":42081,"comment_status":"open","ping_status":"open","sticky":false,"template":"","format":"standard","meta":[],"categories":[4,73],"tags":[181,438,670,478,352,333,331,158,204,335,342,332,106,843,455,334,337,215,1196],"views":7265,"_links":{"self":[{"href":"https:\/\/carfree.fr\/index.php\/wp-json\/wp\/v2\/posts\/15182"}],"collection":[{"href":"https:\/\/carfree.fr\/index.php\/wp-json\/wp\/v2\/posts"}],"about":[{"href":"https:\/\/carfree.fr\/index.php\/wp-json\/wp\/v2\/types\/post"}],"author":[{"embeddable":true,"href":"https:\/\/carfree.fr\/index.php\/wp-json\/wp\/v2\/users\/1390"}],"replies":[{"embeddable":true,"href":"https:\/\/carfree.fr\/index.php\/wp-json\/wp\/v2\/comments?post=15182"}],"version-history":[{"count":0,"href":"https:\/\/carfree.fr\/index.php\/wp-json\/wp\/v2\/posts\/15182\/revisions"}],"wp:featuredmedia":[{"embeddable":true,"href":"https:\/\/carfree.fr\/index.php\/wp-json\/wp\/v2\/media\/42081"}],"wp:attachment":[{"href":"https:\/\/carfree.fr\/index.php\/wp-json\/wp\/v2\/media?parent=15182"}],"wp:term":[{"taxonomy":"category","embeddable":true,"href":"https:\/\/carfree.fr\/index.php\/wp-json\/wp\/v2\/categories?post=15182"},{"taxonomy":"post_tag","embeddable":true,"href":"https:\/\/carfree.fr\/index.php\/wp-json\/wp\/v2\/tags?post=15182"}],"curies":[{"name":"wp","href":"https:\/\/api.w.org\/{rel}","templated":true}]}}