{"id":15196,"date":"2011-09-07T08:41:09","date_gmt":"2011-09-07T07:41:09","guid":{"rendered":"http:\/\/carfree.fr\/?p=15196"},"modified":"2016-09-21T10:42:34","modified_gmt":"2016-09-21T09:42:34","slug":"la-course-aux-energies-ce-quon-vous-dit-et-ce-quon-vous-cache","status":"publish","type":"post","link":"https:\/\/carfree.fr\/index.php\/2011\/09\/07\/la-course-aux-energies-ce-quon-vous-dit-et-ce-quon-vous-cache\/","title":{"rendered":"La course aux \u00e9nergies, ce qu&rsquo;on vous dit&#8230; et ce qu&rsquo;on vous cache"},"content":{"rendered":"<p>Cet essai de Jean-Marc S\u00e9r\u00e9kian prend comme fil conducteur l&rsquo;\u00e9nergie et sa gestion politique \u00e0 travers l&rsquo;histoire pour d\u00e9montrer que la course \u00e0 l&rsquo;\u00e9nergie que vivent les soci\u00e9t\u00e9s contemporaines est comparable \u00e0 la course aux armements, et se trouve m\u00eame dans sa continuit\u00e9. Il analyse parall\u00e8lement le syst\u00e8me capitaliste comme une vaste entreprise de destruction massive et plaide pour la d\u00e9croissance \u00e9nerg\u00e9tique. <!--more--><\/p>\n<p><a title=\"http:\/\/carfree.fr\/index.php\/author\/serekian\/\" href=\"http:\/\/carfree.fr\/index.php\/author\/serekian\/\" target=\"_blank\">Jean-Marc S\u00e9r\u00e9kian<\/a>, qui publie r\u00e9guli\u00e8rement des articles sur Carfree France, nous avait pr\u00e9sent\u00e9 <a title=\"http:\/\/carfree.fr\/index.php\/2011\/01\/08\/la-course-aux-energies\/\" href=\"http:\/\/carfree.fr\/index.php\/2011\/01\/08\/la-course-aux-energies\/\" target=\"_blank\">en janvier<\/a> son ouvrage. Voici aujourd&rsquo;hui la pr\u00e9sentation qui en est faite par l&rsquo;\u00e9diteur. C&rsquo;est un livre que nous vous conseillons vivement pour saisir les implications politiques, sociales, \u00e9conomiques et historiques de la crise \u00e9nerg\u00e9tique actuelle.<\/p>\n<p>L&rsquo;\u00e9nergie? Que recouvre v\u00e9ritablement cette notion jamais questionn\u00e9e? Jusqu&rsquo;\u00e0 aujourd&rsquo;hui, les aspects techniques, \u00e9conomiques et les chiffres des experts censuraient les dimensions humaines, \u00e9thiques, \u00e9cologiques et politiques de la probl\u00e9matique \u00e9nerg\u00e9tique. Mais le d\u00e9cor a chang\u00e9 et disqualifie les \u00ab\u00a0experts\u00a0\u00bb: \u00ab\u00a0crise de l&rsquo;\u00e9nergie\u00a0\u00bb, \u00ab\u00a0choc p\u00e9trolier\u00a0\u00bb, \u00ab\u00a0mar\u00e9es noires\u00a0\u00bb, \u00ab\u00a0effet de serre\u00a0\u00bb, \u00ab\u00a0r\u00e9chauffement climatique\u00a0\u00bb, \u00ab\u00a0finitude des ressources \u00ab\u00a0.<\/p>\n<p>Dans la caste des technocrates c&rsquo;est la cacophonie, et la zizanie r\u00e8gne entre sommit\u00e9s scientifiques. Pour essayer de sauver ce qui peut encore l&rsquo;\u00eatre sans remettre pour autant en question la logique globale du syst\u00e8me capitaliste, une nouvelle \u00e9colocratie pr\u00f4ne le \u00ab\u00a0verdissage\u00a0\u00bb des machines \u00e9nerg\u00e9tiques et tente de promouvoir un \u00ab\u00a0capitalisme vert\u00a0\u00bb centr\u00e9 sur le march\u00e9 de \u00ab\u00a0l&rsquo;efficience \u00e9nerg\u00e9tique\u00a0\u00bb. Mais que d\u00e9couvre-t-on lorsque l&rsquo;\u00e9nergie est prise comme fil conducteur de l&rsquo;histoire?<\/p>\n<p>Dans ce livre, avec juste ce qu&rsquo;il faut de chiffres, l&rsquo;optique est explicitement politique. La \u00ab\u00a0course \u00e0 l&rsquo;\u00e9nergie\u00a0\u00bb est analys\u00e9e comme la continuation de \u00ab\u00a0la course aux armements\u00a0\u00bb. Et de ce fait, le capitalisme se retrouve orphelin de sa fonction autoproclam\u00e9e (le d\u00e9veloppement des forces productives) et appara\u00eet n&rsquo;\u00eatre plus qu&rsquo;une \u00ab\u00a0vaste entreprise de destruction massive\u00a0\u00bb. Cette th\u00e8se, et d&rsquo;autres encore, soutenues dans ce livre, en explicitant le pass\u00e9 et le pr\u00e9sent, ouvrent la voie d&rsquo;un avenir susceptible de nous \u00e9viter la catastrophe annonc\u00e9e. En tout cas, avec le temps, nul n&rsquo;\u00e9chappera \u00e0 ses conclusions!<\/p>\n<p><strong>La course aux \u00e9nergies<br \/>\nce qu&rsquo;on vous dit&#8230; et ce qu&rsquo;on vous cache<\/strong><br \/>\nAuteur : Jean-Marc S\u00e9r\u00e9kian<br \/>\n\u00c9diteur : Ed. libertaires, Saint-Georges-d&rsquo;Ol\u00e9ron (Charente-Maritime)<br \/>\nDescription : 256 pages; (21 x 14 cm)<br \/>\nEAN13 : 9782919568000<\/p>\n<p><a title=\"http:\/\/www.amazon.fr\/course-aux-%C3%A9nergies-dit-ce-cache\/dp\/2919568000\" href=\"http:\/\/www.amazon.fr\/course-aux-%C3%A9nergies-dit-ce-cache\/dp\/2919568000\" target=\"_blank\">Commander en ligne sur Amazon.fr<\/a><\/p>\n","protected":false},"excerpt":{"rendered":"<p>Cet essai de Jean-Marc S\u00e9r\u00e9kian prend comme fil conducteur l&rsquo;\u00e9nergie et sa gestion politique \u00e0 travers l&rsquo;histoire pour d\u00e9montrer que la course \u00e0 l&rsquo;\u00e9nergie que vivent les soci\u00e9t\u00e9s contemporaines est <a class=\"more-link\" href=\"https:\/\/carfree.fr\/index.php\/2011\/09\/07\/la-course-aux-energies-ce-quon-vous-dit-et-ce-quon-vous-cache\/\">Lire la suite&#8230;<\/a><\/p>\n","protected":false},"author":38,"featured_media":37626,"comment_status":"open","ping_status":"open","sticky":false,"template":"","format":"standard","meta":[],"categories":[52,6,17,124,72],"tags":[477,57,139,107,53,60,68,198,1665,694,45,142,287,1667,831,19,150],"views":6429,"_links":{"self":[{"href":"https:\/\/carfree.fr\/index.php\/wp-json\/wp\/v2\/posts\/15196"}],"collection":[{"href":"https:\/\/carfree.fr\/index.php\/wp-json\/wp\/v2\/posts"}],"about":[{"href":"https:\/\/carfree.fr\/index.php\/wp-json\/wp\/v2\/types\/post"}],"author":[{"embeddable":true,"href":"https:\/\/carfree.fr\/index.php\/wp-json\/wp\/v2\/users\/38"}],"replies":[{"embeddable":true,"href":"https:\/\/carfree.fr\/index.php\/wp-json\/wp\/v2\/comments?post=15196"}],"version-history":[{"count":0,"href":"https:\/\/carfree.fr\/index.php\/wp-json\/wp\/v2\/posts\/15196\/revisions"}],"wp:featuredmedia":[{"embeddable":true,"href":"https:\/\/carfree.fr\/index.php\/wp-json\/wp\/v2\/media\/37626"}],"wp:attachment":[{"href":"https:\/\/carfree.fr\/index.php\/wp-json\/wp\/v2\/media?parent=15196"}],"wp:term":[{"taxonomy":"category","embeddable":true,"href":"https:\/\/carfree.fr\/index.php\/wp-json\/wp\/v2\/categories?post=15196"},{"taxonomy":"post_tag","embeddable":true,"href":"https:\/\/carfree.fr\/index.php\/wp-json\/wp\/v2\/tags?post=15196"}],"curies":[{"name":"wp","href":"https:\/\/api.w.org\/{rel}","templated":true}]}}