{"id":15350,"date":"2011-09-28T08:09:22","date_gmt":"2011-09-28T07:09:22","guid":{"rendered":"http:\/\/carfree.fr\/?p=15350"},"modified":"2016-05-27T09:47:46","modified_gmt":"2016-05-27T08:47:46","slug":"cyclistes-en-danger-la-prefecture-de-police-de-paris-sengage-enfin","status":"publish","type":"post","link":"https:\/\/carfree.fr\/index.php\/2011\/09\/28\/cyclistes-en-danger-la-prefecture-de-police-de-paris-sengage-enfin\/","title":{"rendered":"Cyclistes en danger: la pr\u00e9fecture de police de Paris s&rsquo;engage enfin!"},"content":{"rendered":"<p><img decoding=\"async\" loading=\"lazy\" title=\"22-septembre\" src=\"http:\/\/carfree.fr\/images\/22-septembre1.jpg\" alt=\"\" width=\"420\" height=\"200\" \/><\/p>\n<p><a title=\"http:\/\/22septembre.org\/\" href=\"http:\/\/22septembre.org\/\" target=\"_blank\">Jeudi 22 septembre<\/a>, alors qu&rsquo;une centaine de cyclistes s&rsquo;\u00e9taient donn\u00e9 rendez-vous \u00e0 l&rsquo;Arc de Triomphe pour comm\u00e9morer la disparition de la journ\u00e9e sans voiture et r\u00e9animer la flamme de la v\u00e9lorution, la pr\u00e9fecture de police de Paris a d\u00e9montr\u00e9 son engagement en faveur de la s\u00e9curit\u00e9 des v\u00e9los. <!--more--><\/p>\n<p>N&rsquo;h\u00e9sitant pas \u00e0 d\u00e9ployer d&rsquo;importants moyens humains et mat\u00e9riels, elle a envoy\u00e9 les forces de l&rsquo;ordre recueillir d\u00e9licatement chacun-e des cyclistes circulant sur la place de l&rsquo;\u00c9toile pour les inviter fort civilement \u00e0 suivre un cours de pr\u00e9vention routi\u00e8re. Car, comme l&rsquo;ont rappel\u00e9 les officiers sp\u00e9cialement form\u00e9s pour cette op\u00e9ration strat\u00e9gique, pr\u00e9sents jeudi soir, \u00ab\u00a0en mati\u00e8re de v\u00e9lo, l&rsquo;abstention est la meilleure des pr\u00e9ventions: ce n&rsquo;est que quand il est \u00e0 pied sur le trottoir que le cycliste est vraiment en s\u00e9curit\u00e9\u00a0\u00bb.<\/p>\n<p>Apr\u00e8s une bonne demi-heure de th\u00e9rapie cognitivo-comportementale, les repr\u00e9sentants de l&rsquo;Etat ont jug\u00e9 que les cyclistes avaient enfin bien compris toute la n\u00e9cessit\u00e9 des dangers li\u00e9s \u00e0 la bonne sant\u00e9 \u00e9conomique de l&rsquo;industrie automobile et p\u00e9troli\u00e8re et l&rsquo;absurdit\u00e9 de leur suicidaire entreprise de protestation pass\u00e9iste. Il a ainsi \u00e9t\u00e9 possible d&rsquo;organiser cinq tours de la place de l&rsquo;\u00c9toile, sous protection polici\u00e8re, afin que les cyclistes se rendent compte de leur imprudence pass\u00e9e et fraternisent avec les automobilistes \u00e9pris d&rsquo;\u00e9cologie \u00e9galement pr\u00e9sents. Apr\u00e8s ces cinq tours hautement p\u00e9dagogiques et d\u00e9montrant le savoir-faire de la pr\u00e9fecture de police de Paris en mati\u00e8re d&rsquo;apaisement du trafic motoris\u00e9, les cyclistes ont heureusement disparu et laiss\u00e9 toute leur place aux forces vives et motoris\u00e9es de la Nation, et \u00e0 leurs pollutions.<\/p>\n<p>V\u00e9lorution remercie la pr\u00e9fecture de police de Paris pour ce grand moment de n&rsquo;importe quoi et souhaite vivement renouveler cette op\u00e9ration le 22 septembre 2012, en esp\u00e9rant que la pr\u00e9fecture pourra mobiliser au moins deux agents par cycliste afin d&rsquo;assurer pleinement son devoir de protection.<\/p>\n<p>Source: <a title=\"http:\/\/velorution.org\/\" href=\"http:\/\/velorution.org\/\" target=\"_blank\">http:\/\/velorution.org\/<\/a><\/p>\n","protected":false},"excerpt":{"rendered":"<p>Jeudi 22 septembre, alors qu&rsquo;une centaine de cyclistes s&rsquo;\u00e9taient donn\u00e9 rendez-vous \u00e0 l&rsquo;Arc de Triomphe pour comm\u00e9morer la disparition de la journ\u00e9e sans voiture et r\u00e9animer la flamme de la <a class=\"more-link\" href=\"https:\/\/carfree.fr\/index.php\/2011\/09\/28\/cyclistes-en-danger-la-prefecture-de-police-de-paris-sengage-enfin\/\">Lire la suite&#8230;<\/a><\/p>\n","protected":false},"author":168,"featured_media":15351,"comment_status":"open","ping_status":"open","sticky":false,"template":"","format":"standard","meta":[],"categories":[4,7],"tags":[646,202,311,106,178,1664,113],"views":6675,"_links":{"self":[{"href":"https:\/\/carfree.fr\/index.php\/wp-json\/wp\/v2\/posts\/15350"}],"collection":[{"href":"https:\/\/carfree.fr\/index.php\/wp-json\/wp\/v2\/posts"}],"about":[{"href":"https:\/\/carfree.fr\/index.php\/wp-json\/wp\/v2\/types\/post"}],"author":[{"embeddable":true,"href":"https:\/\/carfree.fr\/index.php\/wp-json\/wp\/v2\/users\/168"}],"replies":[{"embeddable":true,"href":"https:\/\/carfree.fr\/index.php\/wp-json\/wp\/v2\/comments?post=15350"}],"version-history":[{"count":0,"href":"https:\/\/carfree.fr\/index.php\/wp-json\/wp\/v2\/posts\/15350\/revisions"}],"wp:featuredmedia":[{"embeddable":true,"href":"https:\/\/carfree.fr\/index.php\/wp-json\/"}],"wp:attachment":[{"href":"https:\/\/carfree.fr\/index.php\/wp-json\/wp\/v2\/media?parent=15350"}],"wp:term":[{"taxonomy":"category","embeddable":true,"href":"https:\/\/carfree.fr\/index.php\/wp-json\/wp\/v2\/categories?post=15350"},{"taxonomy":"post_tag","embeddable":true,"href":"https:\/\/carfree.fr\/index.php\/wp-json\/wp\/v2\/tags?post=15350"}],"curies":[{"name":"wp","href":"https:\/\/api.w.org\/{rel}","templated":true}]}}