{"id":15458,"date":"2011-10-14T09:30:47","date_gmt":"2011-10-14T08:30:47","guid":{"rendered":"http:\/\/carfree.fr\/?p=15458"},"modified":"2020-08-15T21:57:16","modified_gmt":"2020-08-15T20:57:16","slug":"general-motors-contre-attaque","status":"publish","type":"post","link":"https:\/\/carfree.fr\/index.php\/2011\/10\/14\/general-motors-contre-attaque\/","title":{"rendered":"General Motors contre-attaque"},"content":{"rendered":"<p><img decoding=\"async\" loading=\"lazy\" title=\"stop-pedaling-start-driving\" src=\"http:\/\/carfree.fr\/images\/stop-pedaling-start-driving.jpg\" alt=\"\" width=\"420\" height=\"200\" \/><\/p>\n<p>General Motors a lanc\u00e9 une campagne de pub \u00e0 destination des \u00e9tudiants. GM leur propose des tarifs pr\u00e9f\u00e9rentiels pour l&rsquo;aquisition d&rsquo;un v\u00e9hicule motoris\u00e9 chez-eux. <!--more--><\/p>\n<p>C&rsquo;est sur que l&rsquo;\u00e9tudiant am\u00e9ricain bien endett\u00e9 par ses frais de scolarit\u00e9 et son logement a bien besoin d&rsquo;un pr\u00eat suppl\u00e9mentaire pour quelque-chose d&rsquo;aussi futile qu&rsquo;une voiture.<\/p>\n<p>Aux Etats-Unis les critiques de cette campagne sont particuli\u00e8rement virulentes, surtout chez les cyclistes.<\/p>\n<p>En effet sur une version papier de la campagne on voit un cycliste et le slogan: arr\u00eatez de p\u00e9daler&#8230; conduisez! Le slogan principal \u00e9tant: \u00ab\u00a0la r\u00e9alit\u00e9 c&rsquo;est nul!\u00a0\u00bb (reality sucks)<\/p>\n<p>La r\u00e9alit\u00e9 \u00e9tant la r\u00e9alit\u00e9 sans voiture. La r\u00e9alit\u00e9 avec voiture, ce n&rsquo;est plus vraiment la r\u00e9alit\u00e9 voyons, GM vous vend du r\u00eave.<\/p>\n<p>L&rsquo;image montre le cycliste se voilant la face alors qu&rsquo;une femme attirante se trouve dans la voiture \u00e0 c\u00f4t\u00e9 de lui et regarde sa monture d&rsquo;un sourire un peu d\u00e9daigneux.<\/p>\n<p>Le message v\u00e9hicul\u00e9 par l&rsquo;image est que si vous faites du v\u00e9lo, vous devriez avoir honte, honte de faire de l&rsquo;exercice, honte de ne pas cr\u00e9er de bouchons, de ne pas polluer et contribuer au changement climatique.<\/p>\n<p>Devant la montagne de plaintes, GM s&rsquo;est empress\u00e9 de reculer et de pr\u00e9senter ses plus plates excuses sur twitter, disant travailler \u00e0 la modification de sa campagne&#8230;<\/p>\n","protected":false},"excerpt":{"rendered":"<p>General Motors a lanc\u00e9 une campagne de pub \u00e0 destination des \u00e9tudiants. GM leur propose des tarifs pr\u00e9f\u00e9rentiels pour l&rsquo;aquisition d&rsquo;un v\u00e9hicule motoris\u00e9 chez-eux.<\/p>\n","protected":false},"author":252,"featured_media":15520,"comment_status":"open","ping_status":"open","sticky":false,"template":"","format":"standard","meta":[],"categories":[73,7],"tags":[85,646,466,889,87,86,97,1664],"views":5893,"_links":{"self":[{"href":"https:\/\/carfree.fr\/index.php\/wp-json\/wp\/v2\/posts\/15458"}],"collection":[{"href":"https:\/\/carfree.fr\/index.php\/wp-json\/wp\/v2\/posts"}],"about":[{"href":"https:\/\/carfree.fr\/index.php\/wp-json\/wp\/v2\/types\/post"}],"author":[{"embeddable":true,"href":"https:\/\/carfree.fr\/index.php\/wp-json\/wp\/v2\/users\/252"}],"replies":[{"embeddable":true,"href":"https:\/\/carfree.fr\/index.php\/wp-json\/wp\/v2\/comments?post=15458"}],"version-history":[{"count":0,"href":"https:\/\/carfree.fr\/index.php\/wp-json\/wp\/v2\/posts\/15458\/revisions"}],"wp:featuredmedia":[{"embeddable":true,"href":"https:\/\/carfree.fr\/index.php\/wp-json\/"}],"wp:attachment":[{"href":"https:\/\/carfree.fr\/index.php\/wp-json\/wp\/v2\/media?parent=15458"}],"wp:term":[{"taxonomy":"category","embeddable":true,"href":"https:\/\/carfree.fr\/index.php\/wp-json\/wp\/v2\/categories?post=15458"},{"taxonomy":"post_tag","embeddable":true,"href":"https:\/\/carfree.fr\/index.php\/wp-json\/wp\/v2\/tags?post=15458"}],"curies":[{"name":"wp","href":"https:\/\/api.w.org\/{rel}","templated":true}]}}