{"id":15589,"date":"2011-10-20T08:23:20","date_gmt":"2011-10-20T07:23:20","guid":{"rendered":"http:\/\/carfree.fr\/?p=15589"},"modified":"2021-01-07T16:54:18","modified_gmt":"2021-01-07T15:54:18","slug":"le-bagnolo-trophee-2011-est-attribue-a-la-ville-de-paris","status":"publish","type":"post","link":"https:\/\/carfree.fr\/index.php\/2011\/10\/20\/le-bagnolo-trophee-2011-est-attribue-a-la-ville-de-paris\/","title":{"rendered":"Le Bagnolo-Troph\u00e9e 2011 est attribu\u00e9 \u00e0 la ville de Paris"},"content":{"rendered":"<p><img decoding=\"async\" loading=\"lazy\" title=\"bagnolo-trophee-2011\" src=\"http:\/\/carfree.fr\/images\/bagnolo-trophee-2011.jpg\" alt=\"\" width=\"420\" height=\"200\" \/><\/p>\n<p>Apr\u00e8s <a title=\"http:\/\/carfree.fr\/index.php\/2009\/05\/07\/le-bagnolo-trophee-2009-est-attribue-a-la-ville-de-toulon\/\" href=\"http:\/\/carfree.fr\/index.php\/2009\/05\/07\/le-bagnolo-trophee-2009-est-attribue-a-la-ville-de-toulon\/\" target=\"_blank\">Toulon<\/a> en 2009 et <a title=\"http:\/\/carfree.fr\/index.php\/2010\/11\/19\/le-bagnolo-trophee-2010-est-attribue-a-la-ville-de-marseille\/\" href=\"http:\/\/carfree.fr\/index.php\/2010\/11\/19\/le-bagnolo-trophee-2010-est-attribue-a-la-ville-de-marseille\/\" target=\"_blank\">Marseille<\/a> en 2010, <a title=\"http:\/\/carfree.fr\/\" href=\"http:\/\/carfree.fr\/\" target=\"_self\">Carfree France<\/a> d\u00e9cerne son bagnolo-troph\u00e9e 2011 \u00e0 la  ville de Paris qui, au travers de la mise en place d&rsquo;Autolib, pr\u00e9tend faire diminuer le trafic automobile en ajoutant 3.000 voitures \u00e0 la circulation parisienne! <!--more--><\/p>\n<p>Apr\u00e8s le V\u00e9lib, Autolib, avant la mise en place prochaine d&rsquo;<a title=\"http:\/\/carfree.fr\/index.php\/2007\/11\/10\/hummerlib\/\" href=\"http:\/\/carfree.fr\/index.php\/2007\/11\/10\/hummerlib\/\" target=\"_blank\">Hummerlib<\/a>? En surfant sur l&rsquo;image \u00e9colo du V\u00e9lib, la mairie de Paris met en place un service co\u00fbteux de location de voitures qui n&rsquo;a rien \u00e0 voir avec de l&rsquo;autopartage. Les v\u00e9hicules en location, des <a title=\"http:\/\/carfree.fr\/index.php\/2009\/03\/11\/blue-car-la-voiture-electrique-pas-si-verte-que-ca\/\" href=\"http:\/\/carfree.fr\/index.php\/2009\/03\/11\/blue-car-la-voiture-electrique-pas-si-verte-que-ca\/\" target=\"_blank\">Blue Car<\/a> r\u00e9alis\u00e9s par le milliardaire passionn\u00e9 d&rsquo;Afrique <a title=\"http:\/\/www.rue89.com\/2009\/03\/28\/voyage-au-coeur-de-lempire-noir-de-bollore-au-cameroun\" href=\"http:\/\/www.rue89.com\/2009\/03\/28\/voyage-au-coeur-de-lempire-noir-de-bollore-au-cameroun\" target=\"_blank\">Vincent Bollor\u00e9<\/a>, sont \u00ab\u00a0en trace directe\u00a0\u00bb: autrement dit, il est possible de d\u00e9poser le v\u00e9hicule dans une station diff\u00e9rente de celle de d\u00e9part. Cons\u00e9quence, un \u00ab\u00a0jockey\u00a0\u00bb ram\u00e8ne la voiture \u00e0 la station de d\u00e9part et&#8230; repart en m\u00e9tro \u00e0 sa station d&rsquo;affectation! Le projet ne risque donc pas de d\u00e9sengorger ni les rues ni les transports en commun souvent satur\u00e9s qui auraient besoin, eux, de plus de financements!<\/p>\n<p>Car le projet Autolib va co\u00fbter tr\u00e8s cher aux collectivit\u00e9s locales et donc aux contribuables, et les financements publics ne sont pas extensibles \u00e0 l&rsquo;infini. Ce qui ira \u00e0 Autolib n&rsquo;ira pas aux transports collectifs!<\/p>\n<p>Selon le contrat sign\u00e9 par Bollor\u00e9, chaque commune de l&rsquo;agglom\u00e9ration parisienne s&rsquo;engage \u00e0 subventionner \u00e0 hauteur de 50.000 euros chacune des 1.120 stations Autolib qui doivent \u00eatre mise en place dans l&rsquo;agglom\u00e9ration parisienne. Pour la seule ville de Paris, cela repr\u00e9sente d\u00e9j\u00e0 25 millions d&rsquo;euros pour les seules stations! La r\u00e9gion Ile-de-France met aussi la main \u00e0 la poche, il est vrai qu&rsquo;elle n&rsquo;a aucune infrastructure de transports collectifs \u00e0 financer&#8230; Et ce n&rsquo;est pas fini&#8230;<\/p>\n<p>Dans le contrat, Bollor\u00e9 prendra en charge le d\u00e9ficit pr\u00e9visible de l&rsquo;op\u00e9ration, jusqu\u2019\u00e0 60 millions d\u2019euros par an. Si le d\u00e9ficit est sup\u00e9rieur, qui paiera\u00a0? Le contribuable, bien entendu!<\/p>\n<p>Pour le reste, Autolib est une vaste op\u00e9ration de promotion pour la Blue Car de Bollor\u00e9, il le dit d&rsquo;ailleurs lui-m\u00eame dans ses interviews, son intention n&rsquo;est pas de faire du b\u00e9n\u00e9fice, mais d&rsquo;exploiter commercialement l&rsquo;image internationale de Paris associ\u00e9e \u00e0 ses v\u00e9hicules. Et si d\u00e9ficit il y a, les parisiens paieront.<\/p>\n<p>Et d\u00e9ficit, il y aura tr\u00e8s probablement. Selon Bollor\u00e9, la rentabilit\u00e9 financi\u00e8re de l&rsquo;op\u00e9ration sera atteinte avec 80.000 abonn\u00e9s. Les \u00e9lus franciliens d&rsquo;Europe Ecologie parlent quant \u00e0 eux de 200.000 abonn\u00e9s n\u00e9cessaires&#8230; Dans les deux cas, l&rsquo;op\u00e9ration est tr\u00e8s mal engag\u00e9e. Car si on imagine un instant que Bollor\u00e9 atteigne ses objectifs, cela repr\u00e9sente alors une voiture pour 27 abonn\u00e9s (ou 1 voiture pour 67 abonn\u00e9s selon les chiffres d&rsquo;EELV). Le syst\u00e8me risque de s&rsquo;enrayer rapidement quand les m\u00eames abonn\u00e9s voudront acc\u00e9der aux m\u00eames voitures au m\u00eame moment&#8230;<\/p>\n<p>Autrement dit, comme dans le cas de V\u00e9lib, le service ne conviendra pas aux utilisateurs qui ont absolument besoin d&rsquo;un mode de d\u00e9placement \u00e0 un moment donn\u00e9. Le manque de fiabilit\u00e9 sera r\u00e9dhibitoire. Pour les utilisateurs occasionnels, Autolib peut \u00eatre int\u00e9ressant, comme V\u00e9lib d&rsquo;ailleurs, mais alors le projet montre toute son incoh\u00e9rence.<\/p>\n<p>Car la v\u00e9ritable cible d&rsquo;Autolib, ce ne sont pas les parisiens poss\u00e9dant une voiture, qui ne vont pas massivement vendre leur voiture du jour au lendemain pour un syst\u00e8me al\u00e9atoire qui ne pourra jamais leur garantir la disponibilit\u00e9 d&rsquo;une voiture, mais les 50% de parisiens ne poss\u00e9dant pas de voiture et se d\u00e9pla\u00e7ant en transports en commun, \u00e0 v\u00e9lo ou \u00e0 pied!<\/p>\n<p>Le parisien qui a d\u00e9j\u00e0 une voiture et l&rsquo;utilise tous les jours pour aller travailler en banlieue ne va pas la vendre pour d\u00e9pendre d&rsquo;un syst\u00e8me Autolib qui ne pourra jamais lui assurer la disponibilit\u00e9 permanente d&rsquo;une voiture. Par contre, le parisien sans voiture qui veut par exemple aller au mus\u00e9e ou au cin\u00e9ma pourra effectivement \u00eatre int\u00e9ress\u00e9 par une voiture Autolib, au lieu de prendre les transports en commun ou le v\u00e9lo!<\/p>\n<p>O\u00f9 est le b\u00e9n\u00e9fice \u00e9cologique et \u00e9conomique d&rsquo;une telle op\u00e9ration? On voit bien que derri\u00e8re l&rsquo;op\u00e9ration Autolib, le v\u00e9ritable objectif est de fournir une voiture \u00e0 ceux qui s&rsquo;en passaient jusqu&rsquo;\u00e0 pr\u00e9sent! Et le plus scandaleux, c&rsquo;est que l&rsquo;ensemble de l&rsquo;op\u00e9ration se veut \u00ab\u00a0verte\u00a0\u00bb, \u00ab\u00a0citoyenne\u00a0\u00bb, \u00ab\u00a0respectueuse de la plan\u00e8te\u00a0\u00bb, etc. sous pr\u00e9texte que la Blue Car est une voiture \u00e9lectrique, ou plut\u00f4t <a title=\"http:\/\/carfree.fr\/index.php\/2011\/10\/13\/la-voiture-nucleaire\/\" href=\"http:\/\/carfree.fr\/index.php\/2011\/10\/13\/la-voiture-nucleaire\/\" target=\"_blank\">nucl\u00e9aire<\/a>&#8230;<\/p>\n<p>Et m\u00eame probablement pire que \u00e7a&#8230; Le temps de rechargement des batteries (4 heures) s\u2019effectuera notamment  en fin de journ\u00e9e durant les pics de consommation, encourageant le  recours \u00e0 l\u2019\u00e9nergie nucl\u00e9aire, \u00e0 la production de centrales thermiques  tr\u00e8s polluantes et \u00e0 l\u2019importation d\u2019\u00e9lectricit\u00e9. Ce n\u2019est donc pas non  plus un mode de d\u00e9placement \u00e9cologique.<\/p>\n<p>Et le reste est \u00e0 l&rsquo;avenant: construction de parkinglib souterrains dans toute la capitale, pillage du lithium pour construire les batteries, des co\u00fbts \u00e0 r\u00e9\u00e9valuer quand les premiers actes de vandalisme vont appara\u00eetre (Cf V\u00e9lib), accidents nombreux \u00e0 pr\u00e9voir qui augmenteront les co\u00fbts et diminueront encore plus la disponibilit\u00e9 des v\u00e9hicules et, cerise sur le g\u00e2teau, exploitation forcen\u00e9e et g\u00e9n\u00e9ralis\u00e9e de la main d&rsquo;\u0153uvre.<\/p>\n<p>Car, \u00e0 vrai dire, le seul point positif qu&rsquo;on aurait pu voir avec la mise en place d&rsquo;Autolib, c&rsquo;est la cr\u00e9ation de centaines d&#8217;emplois pour accueillir les automobilistes, transporter les voitures, etc. Probl\u00e8me, voici les conditions de travail propos\u00e9es pour les for\u00e7ats d&rsquo;Autolib: pay\u00e9 au Smic horaire, 4 euros le panier repas, 10% de plus pour travail  de nuit, pas de 13\u00e8me mois, pas de prime de participation aux b\u00e9n\u00e9fices, etc. Vive l&rsquo;\u00e9lectro-mobilit\u00e9!<\/p>\n<p>Pour toutes ces raisons, <a title=\"http:\/\/carfree.fr\/\" href=\"http:\/\/carfree.fr\/\" target=\"_self\">Carfree  France<\/a> d\u00e9cerne donc  son Bagnolo-Troph\u00e9e 2011 \u00e0 la ville de Paris et, en particulier, \u00e0 son maire <strong>Bertrand Delano\u00eb<\/strong>, pour faire de Paris la ville de la bagnole.<\/p>\n","protected":false},"excerpt":{"rendered":"<p>Apr\u00e8s Toulon en 2009 et Marseille en 2010, Carfree France d\u00e9cerne son bagnolo-troph\u00e9e 2011 \u00e0 la ville de Paris qui, au travers de la mise en place d&rsquo;Autolib, pr\u00e9tend faire <a class=\"more-link\" href=\"https:\/\/carfree.fr\/index.php\/2011\/10\/20\/le-bagnolo-trophee-2011-est-attribue-a-la-ville-de-paris\/\">Lire la suite&#8230;<\/a><\/p>\n","protected":false},"author":1390,"featured_media":15593,"comment_status":"open","ping_status":"open","sticky":false,"template":"","format":"standard","meta":[],"categories":[4,1223,73,72],"tags":[985,185,1064,1209,694,106,47,363],"views":7038,"_links":{"self":[{"href":"https:\/\/carfree.fr\/index.php\/wp-json\/wp\/v2\/posts\/15589"}],"collection":[{"href":"https:\/\/carfree.fr\/index.php\/wp-json\/wp\/v2\/posts"}],"about":[{"href":"https:\/\/carfree.fr\/index.php\/wp-json\/wp\/v2\/types\/post"}],"author":[{"embeddable":true,"href":"https:\/\/carfree.fr\/index.php\/wp-json\/wp\/v2\/users\/1390"}],"replies":[{"embeddable":true,"href":"https:\/\/carfree.fr\/index.php\/wp-json\/wp\/v2\/comments?post=15589"}],"version-history":[{"count":0,"href":"https:\/\/carfree.fr\/index.php\/wp-json\/wp\/v2\/posts\/15589\/revisions"}],"wp:featuredmedia":[{"embeddable":true,"href":"https:\/\/carfree.fr\/index.php\/wp-json\/"}],"wp:attachment":[{"href":"https:\/\/carfree.fr\/index.php\/wp-json\/wp\/v2\/media?parent=15589"}],"wp:term":[{"taxonomy":"category","embeddable":true,"href":"https:\/\/carfree.fr\/index.php\/wp-json\/wp\/v2\/categories?post=15589"},{"taxonomy":"post_tag","embeddable":true,"href":"https:\/\/carfree.fr\/index.php\/wp-json\/wp\/v2\/tags?post=15589"}],"curies":[{"name":"wp","href":"https:\/\/api.w.org\/{rel}","templated":true}]}}