{"id":15649,"date":"2011-10-27T12:38:42","date_gmt":"2011-10-27T11:38:42","guid":{"rendered":"http:\/\/carfree.fr\/?p=15649"},"modified":"2016-05-27T09:30:05","modified_gmt":"2016-05-27T08:30:05","slug":"des-voitures-pour-obeses","status":"publish","type":"post","link":"https:\/\/carfree.fr\/index.php\/2011\/10\/27\/des-voitures-pour-obeses\/","title":{"rendered":"Des voitures pour ob\u00e8ses ?"},"content":{"rendered":"<p><img decoding=\"async\" loading=\"lazy\" title=\"voitures-pour-gros\" src=\"http:\/\/carfree.fr\/images\/voitures-pour-gros.jpg\" alt=\"\" width=\"420\" height=\"200\" \/><\/p>\n<p>On sait que <a title=\"http:\/\/carfree.fr\/index.php\/2011\/05\/24\/la-responsabilite-de-lautomobile-dans-le-developpement-de-lobesite\/\" href=\"http:\/\/carfree.fr\/index.php\/2011\/05\/24\/la-responsabilite-de-lautomobile-dans-le-developpement-de-lobesite\/\" target=\"_blank\">l&rsquo;automobile a une responsabilit\u00e9 majeure dans le d\u00e9veloppement de l&rsquo;ob\u00e9sit\u00e9<\/a>. Dans ce contexte, comment agir pour am\u00e9liorer les choses? Faut-il d\u00e9velopper le v\u00e9lo ou la marche \u00e0 pied, limiter les d\u00e9placements motoris\u00e9s? Les constructeurs de voitures proposent une autre approche, \u00e0 savoir la cr\u00e9ation de voitures sp\u00e9cifiques pour les gros! <!--more--><\/p>\n<p>On connaissait les v\u00eatements ou la malbouffe \u00ab\u00a0King Size\u00a0\u00bb, voici maintenant les voitures pour ob\u00e8ses. En effet, face \u00e0 l&rsquo;ob\u00e9sit\u00e9 croissante des citoyens, des marques de voitures de luxe ont r\u00e9agi en cr\u00e9ant des v\u00e9hicules adapt\u00e9s. Une initiative citoyenne qui m\u00e9riterait d&rsquo;\u00eatre rembours\u00e9e par la S\u00e9curit\u00e9 Sociale!<\/p>\n<p>Il semble que depuis quelques ann\u00e9es d\u00e9j\u00e0, tous les constructeurs automobiles ont augment\u00e9 progressivement la taille des si\u00e8ges pour tenir compte de l&rsquo;augmentation constante de l&rsquo;ob\u00e9sit\u00e9 chez les consommateurs.<\/p>\n<p><img decoding=\"async\" loading=\"lazy\" src=\"http:\/\/carfree.fr\/images\/wall-e-axiom-passengers.jpg\" alt=\"Les constructeurs d\u00e9veloppent des solutions innovantes\" width=\"348\" height=\"178\" \/><br \/>\n<em>Les constructeurs de voitures d\u00e9veloppent des solutions innovantes<\/em><\/p>\n<p>Sans m\u00eame parler des USA, la nation de l&rsquo;ob\u00e9sit\u00e9, plus proche de nous, en Angleterre par exemple, 60% des adultes et un tiers des 11-12 ans sont ob\u00e8ses.<\/p>\n<p>Certains constructeurs de voitures de luxe veulent d\u00e9sormais aller plus loin en proposant \u00e0 la vente des voitures sp\u00e9cifiquement destin\u00e9es aux personnes ob\u00e8ses.<\/p>\n<p>\u00ab\u00a0<em>Il y a de plus en plus de personnes ob\u00e8ses<\/em>\u00ab\u00a0, a confi\u00e9 Ralf Kaiser le responsable \u00ab\u00a0ergonomie\u00a0\u00bb de BMW au Sunday Times. \u00ab\u00a0<em>Nous voulons adapter nos v\u00e9hicules aux besoins de nos clients<\/em>\u00ab\u00a0, dit-il, affirmant que le principal probl\u00e8me des conducteurs corpulents est de monter et de descendre de leur voiture.<\/p>\n<p><img decoding=\"async\" loading=\"lazy\" src=\"http:\/\/carfree.fr\/images\/walle3.jpg\" alt=\"Supprimer la carrosserie des voitures, une option pour le futur?\" width=\"348\" height=\"173\" \/><br \/>\n<em>Supprimer la carrosserie des voitures, une option pour le futur?<\/em><\/p>\n<p>Mais ce n&rsquo;est pas tout, les v\u00e9hicules vont s&rsquo;adapter \u00e9galement aux clients ob\u00e8ses en leur facilitant la t\u00e2che pour effectuer une marche arri\u00e8re. Pour leur \u00e9viter de devoir se retourner pour regarder ce qu&rsquo;il se passe derri\u00e8re eux, les conducteurs disposeront d&rsquo;un \u00e9cran de contr\u00f4le qui leur montrera les obstacles. \u00ab\u00a0<em>Nous voulons regarder les choses scientifiquement et construire une voiture que 95% des clients pourront utiliser<\/em>\u00ab\u00a0.<\/p>\n<p>Face \u00e0 cette ob\u00e9sit\u00e9 croissante, Mercedes a \u00e9galement d\u00e9cid\u00e9 d&rsquo;intervenir. La marque a d\u00e9cid\u00e9 de renforcer les poign\u00e9es de maintien situ\u00e9es au-dessus des porti\u00e8res pour que les conducteurs puissent s&rsquo;y accrocher sans crainte en sortant de leur voiture.<\/p>\n<p>M\u00eame Porsche s&rsquo;y met et compte proposer une \u00ab\u00a0colonne de direction \u00e9lectrique\u00a0\u00bb qui se soul\u00e8ve quand le v\u00e9hicule est \u00e0 l&rsquo;arr\u00eat afin de permettre au conducteur ob\u00e8se d&rsquo;entrer et sortir plus facilement de la voiture&#8230;<\/p>\n<p>Face aux probl\u00e8mes majeurs de sant\u00e9 publique caus\u00e9s par l&rsquo;automobile, nous pouvons donc compter sur l&rsquo;industrie automobile pour trouver des solutions innovantes afin de les r\u00e9soudre!<\/p>\n<p>Source: <a title=\"http:\/\/www.telegraph.co.uk\/motoring\/news\/8845213\/Plump-my-ride-luxury-car-makers-create-bigger-cars-for-fat-drivers.html\" href=\"http:\/\/www.telegraph.co.uk\/motoring\/news\/8845213\/Plump-my-ride-luxury-car-makers-create-bigger-cars-for-fat-drivers.html\" target=\"_blank\">The Telegraph<\/a><\/p>\n","protected":false},"excerpt":{"rendered":"<p>On sait que l&rsquo;automobile a une responsabilit\u00e9 majeure dans le d\u00e9veloppement de l&rsquo;ob\u00e9sit\u00e9. Dans ce contexte, comment agir pour am\u00e9liorer les choses? Faut-il d\u00e9velopper le v\u00e9lo ou la marche \u00e0 <a class=\"more-link\" href=\"https:\/\/carfree.fr\/index.php\/2011\/10\/27\/des-voitures-pour-obeses\/\">Lire la suite&#8230;<\/a><\/p>\n","protected":false},"author":616,"featured_media":15650,"comment_status":"open","ping_status":"open","sticky":false,"template":"","format":"standard","meta":[],"categories":[73],"tags":[399,85,81,401,522,400,320],"views":16001,"_links":{"self":[{"href":"https:\/\/carfree.fr\/index.php\/wp-json\/wp\/v2\/posts\/15649"}],"collection":[{"href":"https:\/\/carfree.fr\/index.php\/wp-json\/wp\/v2\/posts"}],"about":[{"href":"https:\/\/carfree.fr\/index.php\/wp-json\/wp\/v2\/types\/post"}],"author":[{"embeddable":true,"href":"https:\/\/carfree.fr\/index.php\/wp-json\/wp\/v2\/users\/616"}],"replies":[{"embeddable":true,"href":"https:\/\/carfree.fr\/index.php\/wp-json\/wp\/v2\/comments?post=15649"}],"version-history":[{"count":0,"href":"https:\/\/carfree.fr\/index.php\/wp-json\/wp\/v2\/posts\/15649\/revisions"}],"wp:featuredmedia":[{"embeddable":true,"href":"https:\/\/carfree.fr\/index.php\/wp-json\/"}],"wp:attachment":[{"href":"https:\/\/carfree.fr\/index.php\/wp-json\/wp\/v2\/media?parent=15649"}],"wp:term":[{"taxonomy":"category","embeddable":true,"href":"https:\/\/carfree.fr\/index.php\/wp-json\/wp\/v2\/categories?post=15649"},{"taxonomy":"post_tag","embeddable":true,"href":"https:\/\/carfree.fr\/index.php\/wp-json\/wp\/v2\/tags?post=15649"}],"curies":[{"name":"wp","href":"https:\/\/api.w.org\/{rel}","templated":true}]}}