{"id":15694,"date":"2011-10-31T08:46:44","date_gmt":"2011-10-31T07:46:44","guid":{"rendered":"http:\/\/carfree.fr\/?p=15694"},"modified":"2016-05-27T09:29:23","modified_gmt":"2016-05-27T08:29:23","slug":"total-engrange-des-benefices-records","status":"publish","type":"post","link":"https:\/\/carfree.fr\/index.php\/2011\/10\/31\/total-engrange-des-benefices-records\/","title":{"rendered":"Total engrange des b\u00e9n\u00e9fices records"},"content":{"rendered":"<p><img decoding=\"async\" loading=\"lazy\" title=\"profits-total\" src=\"http:\/\/carfree.fr\/images\/profits-total1.jpg\" alt=\"\" width=\"420\" height=\"200\" \/><\/p>\n<p>Ce n\u2019est pas la \u00ab\u00a0crise\u00a0\u00bb et \u00ab\u00a0l&rsquo;aust\u00e9rit\u00e9\u00a0\u00bb pour  tout le monde: le groupe Total vient en effet d\u2019annoncer 3,31  milliards d\u2019euros de b\u00e9n\u00e9fices au troisi\u00e8me trimestre ce qui monte ses  gains entre janvier et septembre \u00e0 quelque 10,0 milliards d\u2019euros, soit  quasiment le niveau atteint sur l\u2019ensemble de l\u2019exercice 2010. <!--more--><\/p>\n<p>Ce b\u00e9n\u00e9fice b\u00e9n\u00e9fice net est en hausse de 17% par  rapport \u00e0 la m\u00eame p\u00e9riode en 2010 et sup\u00e9rieur aux attentes. Il r\u00e9sulte  essentiellement de la tr\u00e8s rentable exploration-production et d\u2019un petit  mieux dans le raffinage.<\/p>\n<p>\u00ab\u00a0<em>Le groupe aborde le quatri\u00e8me  trimestre avec confiance dans un environnement qui reste favorable dans  l\u2019amont et o\u00f9 les marges de raffinage sont en l\u00e9g\u00e8re am\u00e9lioration<\/em> \u00bb, indique Total dans un communiqu\u00e9.<\/p>\n<p>Au dernier trimestre, le groupe fran\u00e7ais va profiter de  la \u00ab\u00a0mont\u00e9e en puissance\u00a0\u00bb de la production de son champ p\u00e9trolier  Pazflor en eaux profondes, au large de l\u2019Angola, et de la reprise  partielle de la production en Libye, qui effaceront des arr\u00eats pr\u00e9vus en  Norv\u00e8ge et au Y\u00e9men.<\/p>\n<p>Voil\u00e0 des r\u00e9sultats qui m\u00e9riteraient d\u2019interpeller les  autorit\u00e9s fran\u00e7aises qui, comme l\u2019ensemble des dirigeants europ\u00e9ens,  tentent de r\u00e9duire leur d\u00e9ficit budg\u00e9taire par diverses mesures  d\u2019aust\u00e9rit\u00e9 dont une compression des d\u00e9penses de la fonction publique  alors que le groupe p\u00e9trolier (\u00e0 l\u2019instar d\u2019autres entreprises phares du  CAC40) \u00e9chappe totalement \u00e0 l\u2019imp\u00f4t sur son territoire national&#8230;<\/p>\n<p>Source: <a title=\"http:\/\/www.iewonline.be\/\" href=\"http:\/\/www.iewonline.be\/\" target=\"_blank\">http:\/\/www.iewonline.be\/<\/a><\/p>\n<p><img decoding=\"async\" loading=\"lazy\" title=\"profits-total\" src=\"http:\/\/carfree.fr\/images\/profits-total.jpg\" alt=\"\" width=\"420\" height=\"100\" \/><\/p>\n","protected":false},"excerpt":{"rendered":"<p>Ce n\u2019est pas la \u00ab\u00a0crise\u00a0\u00bb et \u00ab\u00a0l&rsquo;aust\u00e9rit\u00e9\u00a0\u00bb pour tout le monde: le groupe Total vient en effet d\u2019annoncer 3,31 milliards d\u2019euros de b\u00e9n\u00e9fices au troisi\u00e8me trimestre ce qui monte ses <a class=\"more-link\" href=\"https:\/\/carfree.fr\/index.php\/2011\/10\/31\/total-engrange-des-benefices-records\/\">Lire la suite&#8230;<\/a><\/p>\n","protected":false},"author":173,"featured_media":15695,"comment_status":"open","ping_status":"open","sticky":false,"template":"","format":"standard","meta":[],"categories":[6],"tags":[60,81,45,154,117,155],"views":5647,"_links":{"self":[{"href":"https:\/\/carfree.fr\/index.php\/wp-json\/wp\/v2\/posts\/15694"}],"collection":[{"href":"https:\/\/carfree.fr\/index.php\/wp-json\/wp\/v2\/posts"}],"about":[{"href":"https:\/\/carfree.fr\/index.php\/wp-json\/wp\/v2\/types\/post"}],"author":[{"embeddable":true,"href":"https:\/\/carfree.fr\/index.php\/wp-json\/wp\/v2\/users\/173"}],"replies":[{"embeddable":true,"href":"https:\/\/carfree.fr\/index.php\/wp-json\/wp\/v2\/comments?post=15694"}],"version-history":[{"count":0,"href":"https:\/\/carfree.fr\/index.php\/wp-json\/wp\/v2\/posts\/15694\/revisions"}],"wp:featuredmedia":[{"embeddable":true,"href":"https:\/\/carfree.fr\/index.php\/wp-json\/"}],"wp:attachment":[{"href":"https:\/\/carfree.fr\/index.php\/wp-json\/wp\/v2\/media?parent=15694"}],"wp:term":[{"taxonomy":"category","embeddable":true,"href":"https:\/\/carfree.fr\/index.php\/wp-json\/wp\/v2\/categories?post=15694"},{"taxonomy":"post_tag","embeddable":true,"href":"https:\/\/carfree.fr\/index.php\/wp-json\/wp\/v2\/tags?post=15694"}],"curies":[{"name":"wp","href":"https:\/\/api.w.org\/{rel}","templated":true}]}}