{"id":15738,"date":"2011-11-03T14:12:29","date_gmt":"2011-11-03T13:12:29","guid":{"rendered":"http:\/\/carfree.fr\/?p=15738"},"modified":"2020-08-16T14:57:23","modified_gmt":"2020-08-16T13:57:23","slug":"explosif-le-developpement-pernicieux-des-agrocarburants-et-le-cas-symptomatique-de-fanaye-au-senegal","status":"publish","type":"post","link":"https:\/\/carfree.fr\/index.php\/2011\/11\/03\/explosif-le-developpement-pernicieux-des-agrocarburants-et-le-cas-symptomatique-de-fanaye-au-senegal\/","title":{"rendered":"Explosif : Le d\u00e9veloppement pernicieux des agrocarburants et le cas symptomatique de Fanaye au S\u00e9n\u00e9gal"},"content":{"rendered":"<p><img decoding=\"async\" loading=\"lazy\" title=\"terre-brulee\" src=\"http:\/\/carfree.fr\/images\/terre-brulee.jpg\" alt=\"\" width=\"420\" height=\"200\" \/><\/p>\n<p>Bonjour \u00e0 vous les amis internautes! Le p\u00e9trole! Vous connaissez? L&rsquo;essence! Vous connaissez? Les produits de substitutions de l&rsquo;essence! Vous connaissez aussi? (On les appelle les Agrocarburants et ils sont produits \u00e0 partir des cultures v\u00e9g\u00e9tales comme le ma\u00efs, le colza, le tournesol, etc.)\u2026 Ces v\u00e9g\u00e9taux d&rsquo;origines agricoles, une fois alcoolis\u00e9s sont appel\u00e9s bio\u00e9thanol. <!--more--><\/p>\n<p>On notera au passage que ce mot n&rsquo;a rien \u00e0 voir avec les produits  bios (recommand\u00e9s pour une alimentation saine !), car, contrairement \u00e0  ce que sont nom indique\u2026 le bio\u00e9thanol n&rsquo;a rien de bio! D&rsquo;o\u00f9 les  f\u00e2cheuses confusions aupr\u00e8s du grand public (et de mes \u00e9l\u00e8ves du fond de  la classe!)<\/p>\n<p>Le S\u00e9n\u00e9gal! Vous connaissez? C&rsquo;est un petit pays d&rsquo;Afrique\u2026<\/p>\n<p>Les paysans! Vous connaissez! (Pas s\u00fbr, car il n&rsquo;en reste plus beaucoup en Europe, mais on en trouve encore ailleurs sur la plan\u00e8te!)<\/p>\n<p>La pauvret\u00e9! Vous connaissez? (C&rsquo;est de plus en plus r\u00e9pandu, m\u00eame en Europe!)<\/p>\n<p>Le d\u00e9veloppement! Vous connaissez? (Un  mot fourre-tout qui cache la devanture des pr\u00e9dateurs de tous poils dont font parties les multinationales et les \u00e9tats du nord!)<\/p>\n<p><img decoding=\"async\" loading=\"lazy\" title=\"moutons\" src=\"http:\/\/carfree.fr\/images\/moutons.jpg\" alt=\"\" width=\"420\" height=\"315\" \/><\/p>\n<p>Bien! Je constate chers amis, que vous connaissez donc beaucoup de choses en fait!<\/p>\n<p>Ceci \u00e9tant dit, maintenant, vous m\u00e9langez le tout, vous agitez et vous avez l\u00e0 un m\u00e9lange explosif!<\/p>\n<p><img decoding=\"async\" loading=\"lazy\" title=\"pub-bus\" src=\"http:\/\/carfree.fr\/images\/pub-bus.jpg\" alt=\"\" width=\"420\" height=\"283\" \/><\/p>\n<p>Si ! si !<\/p>\n<p>Un exemple :<\/p>\n<p>Rien que dans une r\u00e9gion du S\u00e9n\u00e9gal, ils ont essay\u00e9 et cela a fait  deux morts et plus de vingt et un bless\u00e9s graves\u2026 Et une surchauffe qui  est remont\u00e9e jusqu&rsquo;au ch\u00e2teau pr\u00e9sidentiel de Dakar!<\/p>\n<p>R\u00e9sultat :<\/p>\n<p>Si vous ne voulez pas d&rsquo;ennuis, \u00e9vitez de jouer les petits chimistes apprentis sorciers du d\u00e9veloppement! Car les populations n&rsquo;appr\u00e9cient pas trop les charlatans\u2026<\/p>\n<p>J&rsquo;explique \u00a0:<\/p>\n<p>(Bouh! C&rsquo;est fatiguant \u00e0 la longue de devoir \u00e0 chaque fois r\u00e9expliquer pour les endormis du fond de la classe!)<\/p>\n<p><img decoding=\"async\" loading=\"lazy\" title=\"limousines\" src=\"http:\/\/carfree.fr\/images\/limousines.jpg\" alt=\"\" width=\"420\" height=\"245\" \/><\/p>\n<p>Le S\u00e9n\u00e9gal, joli pays ensoleill\u00e9 aux peuples vari\u00e9s et sympas, accueillant et tout et tout, (aussi pour le tourisme!),\u00a0mais n\u00e9anmoins assez d\u00e9munis (je parle des peuples, pas des nantis qui sont assis dessus!) cherche depuis des d\u00e9cennies \u00e0 mettre en \u0153uvre les recommandations de l&rsquo;ONU en mati\u00e8re d&rsquo;Objectif du Mill\u00e9naire du D\u00e9veloppement et essaye avec plus ou moins d&rsquo;efficacit\u00e9 d&rsquo;y parvenir pour r\u00e9duire la pauvret\u00e9 ambiante\u2026<\/p>\n<p>C&rsquo;est pourquoi ce pays est ouvert aux initiatives orient\u00e9es vers la recherche de l&rsquo;autonomie alimentaire afin d&rsquo;\u00e9viter les retours des r\u00e9voltes de la faim comme ces derni\u00e8res ann\u00e9es.<\/p>\n<p>Mais\u2026 Car il y a un mais!<\/p>\n<p>Ce pays n&rsquo;a semble-t-il pas pris en compte les \u00e9tudes de l&rsquo;\u00e9poque qui faisaient un constat accablant de l&rsquo;usage disproportionn\u00e9 des cultures destin\u00e9es aux agrocarburants au d\u00e9triment des cultures vivri\u00e8res  locales. <\/p>\n<p>De plus, toutes les initiatives qui portent la mention \u00ab\u00a0d\u00e9veloppement\u00a0\u00bb sont \u00e0 priori les bienvenues.<\/p>\n<p>C&rsquo;est pourquoi, on trouve de tout dans ces projets\u2026 Des projets parfois farfelus, d&rsquo;autres ambitieux et d&rsquo;autres encore carr\u00e9ment  inutiles\u2026 Il y en m\u00eame qui cumulent tous ces aspects, mais ce n&rsquo;est pas bien grave pour leurs concepteurs, car ils sont destin\u00e9s avant tout \u00e0 enrichir ceux qui les con\u00e7oivent\u2026 et non les populations concern\u00e9es\u2026 Le  tout arros\u00e9 d&rsquo;une bonne couche de corruption \u00e0 tous les \u00e9tages pour que les projets puissent glisser plus vite dans les divers bureaux administratifs concern\u00e9s\u2026 On n&rsquo;a pas de temps \u00e0 perdre et le temps c&rsquo;est de l&rsquo;argent para\u00eet-il! Et vous avez l\u00e0 une petite r\u00e9alit\u00e9 du d\u00e9veloppement bien compris dans les pays\u2026 en d\u00e9veloppement! Et le plus  beau encore c&rsquo;est que ces projets ont parfois des financements des instances internationales comme la Banque mondiale ou le FMI!<\/p>\n<p>Bref! Je vous passe le sordide habituel car c&rsquo;est monnaie courante et \u00e0 cela d&rsquo;autres pays sont bien plus corrompus comme le Nigeria ou l&rsquo;Inde pour ne citer que ceux-l\u00e0\u2026<\/p>\n<p><img decoding=\"async\" loading=\"lazy\" title=\"grosse-bagnole\" src=\"http:\/\/carfree.fr\/images\/grosse-bagnole.jpg\" alt=\"\" width=\"420\" height=\"261\" \/><\/p>\n<p>Le S\u00e9n\u00e9gal, ce n&rsquo;est que du menu fretin \u00e0 c\u00f4t\u00e9 et ce ne sont pas les rumeurs d&rsquo;enrichissement personnel pour la construction de l&rsquo;a\u00e9roport international de Dakar ou de la statue de l&rsquo;ind\u00e9pendance d&rsquo;une certaine  m\u00e9galomanie ou encore d&rsquo;autres bricoles qui ne rivaliseront pas avec la corruption des pros de chez tr\u00e8s pro\u2026 au point que m\u00eame les experts anti corruptions de la plan\u00e8te peinent \u00e0 en d\u00e9couvrir les racines\u2026 (Revoir \u00e0  ce propos le documentaire \u00ab\u00a0Le club des incorruptibles\u00a0\u00bb sur le r\u00e9seau des magistrats anticorruption de cette plan\u00e8te, expliqu\u00e9 par Eva Joly la candidate \u00e0 la pr\u00e9sidentielle fran\u00e7aise pour 2012\u2026)<\/p>\n<p>Et parmi ces projets que l&rsquo;on appelle des \u00ab\u00a0projets de d\u00e9veloppement\u00a0\u00bb destin\u00e9s \u00e0 enrayer la pauvret\u00e9, on en trouve un qui a fait tout r\u00e9cemment l&rsquo;actualit\u00e9 par la catastrophe humaine qu&rsquo;elle a engendr\u00e9e :<\/p>\n<p>Le projet de d\u00e9veloppement de 20.000 ha pour la production de biocarburant \u00e0 Fanaye (dans la r\u00e9gion de Podor) par une soci\u00e9t\u00e9 s\u00e9n\u00e9galo-italienne (Tampieri Financial Group).<\/p>\n<p><img decoding=\"async\" loading=\"lazy\" title=\"fanaye\" src=\"http:\/\/carfree.fr\/images\/fanaye.jpg\" alt=\"\" width=\"420\" height=\"612\" \/><\/p>\n<p>C\u2019est, selon les experts, le plus grand projet agricole africain qui se dessinait \u00e0 Fandaye. Il est quatre fois plus important en volume et en superficie que l\u2019exploitation de la Compagnie sucri\u00e8re s\u00e9n\u00e9galaise. C\u2019est aussi le plus grand projet de production de tournesol au monde qui devait g\u00e9n\u00e9rer mensuellement 25.000 tonnes, n\u00e9cessitant un bateau de semences par mois pendant 15 ans. <\/p>\n<p><img decoding=\"async\" loading=\"lazy\" title=\"bateaux\" src=\"http:\/\/carfree.fr\/images\/bateaux.jpg\" alt=\"\" width=\"420\" height=\"280\" \/><\/p>\n<p>On retiendra d\u00e9j\u00e0 plusieurs anomalies dans ce projet :<\/p>\n<p>1 &#8211; Le projet agricole pour cultiver 20 000 ha de tournesol destin\u00e9 \u00e0 faire du bio\u00e9thanol, n&rsquo;a que peu de rapport avec le d\u00e9veloppement du monde rural, puisqu&rsquo;il est destin\u00e9 \u00e0 faire un compl\u00e9ment de l&rsquo;essence pour les voitures et pas \u00e0 subvenir \u00e0 l&rsquo;autosubsistance alimentaire dans cette r\u00e9gion et ce pays!<\/p>\n<p>C&rsquo;est un peu g\u00eanant quand l&rsquo;on constate que ce pays a un d\u00e9ficit alimentaire et doit importer d&rsquo;\u00e9normes quantit\u00e9s de riz annuellement pour ne parler que du riz!<\/p>\n<p>C&rsquo;est pourquoi le pr\u00e9sident de ce pays avait demand\u00e9 apr\u00e8s les \u00e9meutes de la faim de 2008 \u00e0 ce que son pays s&rsquo;occupe en priorit\u00e9 de l&rsquo;autosuffisance alimentaire! On est donc tr\u00e8s loin ici de cet objectif, puisqu&rsquo;il est ici question de tournesol pour faire du bio\u00e9thanol pour les voitures\u2026<\/p>\n<p><img decoding=\"async\" loading=\"lazy\" title=\"pasteque\" src=\"http:\/\/carfree.fr\/images\/pasteque.jpg\" alt=\"\" width=\"420\" height=\"554\" \/><\/p>\n<p>2 &#8211; Tout r\u00e9cemment, l&rsquo;association des Amis de la Terre s&rsquo;inqui\u00e9tait de la d\u00e9pendance de l&rsquo;Union europ\u00e9enne en mati\u00e8re de terres des autres, en faisant remarquer que cela pourrait \u00eatre contrariant dans les ann\u00e9es \u00e0  venir avec les conflits que cela va g\u00e9n\u00e9rer.\u00a0C&rsquo;est bien ce cas de figure avec le tournesol cultiv\u00e9 au S\u00e9n\u00e9gal pour un usage en Europe sous forme de produit transform\u00e9 (bio\u00e9thanol).<\/p>\n<p>3 &#8211; Pire encore, une r\u00e9cente \u00e9tude de la Commission europ\u00e9enne confirme les impacts tr\u00e8s n\u00e9gatifs de la culture des agrocarburants (encens\u00e9 il y a dix ans! m\u00eame par les \u00e9cologistes!) et recommande une r\u00e9vision de la politique europ\u00e9enne dans ce domaine. Les d\u00e9g\u00e2ts environnementaux caus\u00e9s par l&rsquo;agrocarburant \u00e9tant une catastrophe pour le climat! (<a title=\"http:\/\/carfree.fr\/index.php\/2011\/11\/01\/agrocarburants-une-nouvelle-etude-confirme-les-impacts-negatifs-et-recommande-une-revision-de-la-politique-europeenne\/\" href=\"http:\/\/carfree.fr\/index.php\/2011\/11\/01\/agrocarburants-une-nouvelle-etude-confirme-les-impacts-negatifs-et-recommande-une-revision-de-la-politique-europeenne\/\" target=\"_blank\">lire ici!<\/a>)<\/p>\n<p>4 &#8211; Et puis, dans un tel projet, le moins que l&rsquo;on aurait pu attendre de la part de ses concepteurs, c&rsquo;est le consentement de la population locale concern\u00e9e. Le projet devait avoir l&rsquo;accord des \u00e9lus locaux pour \u00eatre accept\u00e9. Mais comme la population des 47 villages concern\u00e9s ne voulait pas de ce projet de d\u00e9veloppement o\u00f9 ils auraient du accepter des expulsions de terrain pour l&rsquo;attribution \u00e0 la seule soci\u00e9t\u00e9 Senethanol. Les \u00e9lus locaux (Conseil rural) ont donc voulu faire passer en force ce projet contre l&rsquo;avis des populations qui se sont r\u00e9volt\u00e9es et ont manifest\u00e9 leur col\u00e8re lors d&rsquo;affrontements le 26 octobre 2011:\u00a0Bilan 2 morts et plus de 21 bless\u00e9s graves!).<\/p>\n<p>Lequel bilan ayant \u00e9t\u00e9 peut-\u00eatre jug\u00e9 un peu lourd \u00e0 g\u00e9rer, le premier ministre a stopp\u00e9 (temporairement!) le projet.<\/p>\n<p>4 &#8211; Reste que si c&rsquo;est un arr\u00eat provisoire, cela est plus dangereux encore, car les organisations rurales locales ne veulent pas de ce  projet.<\/p>\n<p>5 &#8211; Pire encore: Est-ce \u00e0 dire que si ce projet \u00ab\u00a0agricole\u00a0\u00bb n&rsquo;est pas accept\u00e9, le gouvernement le d\u00e9localisera comme il l&rsquo;a d\u00e9clar\u00e9? En le \u00ab\u00a0refourguant\u00a0\u00bb dans une autre r\u00e9gion du S\u00e9n\u00e9gal pour que d&rsquo;autres paysans  subissent les m\u00eames d\u00e9savantages? Ce qui pour le coup serait assez cynique\u2026<\/p>\n<p>6 &#8211; En conclusion, puisque le pr\u00e9sident de ce pays a demand\u00e9 \u00e0 ses ministres un rapport circonstanci\u00e9 sur cette affaire, serait-il possible que ses conseillers se rappellent ses d\u00e9clarations de 2008 sur l&rsquo;imp\u00e9rative et urgente n\u00e9cessit\u00e9 d&rsquo;une ind\u00e9pendance alimentaire du pays et qu&rsquo;au lieu de favoriser la mise en place des projets de d\u00e9veloppement dignes des plus grands pr\u00e9dateurs internationaux, ils puissent proposer des micros projets agricoles favorisant les cultures vivri\u00e8res locales et int\u00e9grant les villageois comme d&rsquo;authentiques partenaires du d\u00e9veloppement avec les micros cr\u00e9dits par exemple et non de potentiels individus que l&rsquo;on chercherait \u00e0 nouveau \u00e0 esclavagiser en les rendant corv\u00e9ables \u00e0 merci au service des int\u00e9r\u00eats ext\u00e9rieurs de ces multinationales sans scrupules. C&rsquo;est, j&rsquo;en conviens, un v\u00e9ritable changement qu&rsquo;il conviendrait de faire si l&rsquo;on veut participer de fa\u00e7on responsable au d\u00e9veloppement des peuples pour le meilleur de leur devenir et \u00e9panouissement\u2026<\/p>\n<p>Votre serviteur et \u00e9minence grise de service !<\/p>\n<p>Pierre Sarramagnan-Souchier, le 2.11.2011.<\/p>\n","protected":false},"excerpt":{"rendered":"<p>Bonjour \u00e0 vous les amis internautes! Le p\u00e9trole! Vous connaissez? L&rsquo;essence! Vous connaissez? Les produits de substitutions de l&rsquo;essence! Vous connaissez aussi? (On les appelle les Agrocarburants et ils sont <a class=\"more-link\" href=\"https:\/\/carfree.fr\/index.php\/2011\/11\/03\/explosif-le-developpement-pernicieux-des-agrocarburants-et-le-cas-symptomatique-de-fanaye-au-senegal\/\">Lire la suite&#8230;<\/a><\/p>\n","protected":false},"author":388,"featured_media":15747,"comment_status":"open","ping_status":"open","sticky":false,"template":"","format":"standard","meta":[],"categories":[52,73],"tags":[284,886,518,80,290,57,53,612,162,169,678,81,249,117,1062],"views":5388,"_links":{"self":[{"href":"https:\/\/carfree.fr\/index.php\/wp-json\/wp\/v2\/posts\/15738"}],"collection":[{"href":"https:\/\/carfree.fr\/index.php\/wp-json\/wp\/v2\/posts"}],"about":[{"href":"https:\/\/carfree.fr\/index.php\/wp-json\/wp\/v2\/types\/post"}],"author":[{"embeddable":true,"href":"https:\/\/carfree.fr\/index.php\/wp-json\/wp\/v2\/users\/388"}],"replies":[{"embeddable":true,"href":"https:\/\/carfree.fr\/index.php\/wp-json\/wp\/v2\/comments?post=15738"}],"version-history":[{"count":0,"href":"https:\/\/carfree.fr\/index.php\/wp-json\/wp\/v2\/posts\/15738\/revisions"}],"wp:featuredmedia":[{"embeddable":true,"href":"https:\/\/carfree.fr\/index.php\/wp-json\/"}],"wp:attachment":[{"href":"https:\/\/carfree.fr\/index.php\/wp-json\/wp\/v2\/media?parent=15738"}],"wp:term":[{"taxonomy":"category","embeddable":true,"href":"https:\/\/carfree.fr\/index.php\/wp-json\/wp\/v2\/categories?post=15738"},{"taxonomy":"post_tag","embeddable":true,"href":"https:\/\/carfree.fr\/index.php\/wp-json\/wp\/v2\/tags?post=15738"}],"curies":[{"name":"wp","href":"https:\/\/api.w.org\/{rel}","templated":true}]}}