{"id":16009,"date":"2011-11-30T08:00:13","date_gmt":"2011-11-30T07:00:13","guid":{"rendered":"http:\/\/carfree.fr\/?p=16009"},"modified":"2021-01-01T19:03:52","modified_gmt":"2021-01-01T18:03:52","slug":"tourner-a-droite-aux-feux-rouge-pour-les-velos","status":"publish","type":"post","link":"https:\/\/carfree.fr\/index.php\/2011\/11\/30\/tourner-a-droite-aux-feux-rouge-pour-les-velos\/","title":{"rendered":"Tourner \u00e0 droite aux feux rouge pour les v\u00e9los!"},"content":{"rendered":"<p><img decoding=\"async\" loading=\"lazy\" title=\"tourne-a-droite-velo\" src=\"http:\/\/carfree.fr\/images\/tourne-a-droite-velo.jpg\" alt=\"\" width=\"420\" height=\"200\" \/><\/p>\n<p><a title=\"http:\/\/www.20minutes.fr\/article\/824170\/tourne-a-droite-generalises\" href=\"http:\/\/www.20minutes.fr\/article\/824170\/tourne-a-droite-generalises\" target=\"_blank\">L\u2019article<\/a>, du quotidien <em>20minutes<\/em>, soulignait la g\u00e9n\u00e9ralisation r\u00e9cente de l\u2019autorisation de tourner \u00e0 droite, pour les cyclistes, au feu rouge \u00e0 Nantes. <!--more--><\/p>\n<p>Il est bien connu des cyclistes, qu\u2019attendre \u00e0 un feu rouge alors qu\u2019aucune voiture ne vient ni de la gauche ni d\u2019en face est frustrant! Pourtant le code de la route s\u2019applique \u00e0 tous les usagers de la route: v\u00e9los et voitures. Ce qui n\u2019est pas sans poser des probl\u00e8mes devant le nombre de cyclistes qui ne s\u2019arr\u00eatent pas aux signalisations imposant l\u2019arr\u00eat. N\u00e9anmoins, il est \u00e9vident que les routes actuelles et les centres urbains sont globalement con\u00e7us pour l\u2019automobile et non pour le v\u00e9lo. Par cons\u00e9quent, il est difficile de toujours rouler en toute s\u00e9curit\u00e9 \u00e0 v\u00e9lo. L\u2019utilisation du v\u00e9lo permet aussi de r\u00e9duire son temps de trajet par rapport \u00e0 la voiture (bouchons). Le d\u00e9cret (<a title=\"http:\/\/www.mdb-idf.org\/spip\/IMG\/pdf\/Decret-12novembre2010.pdf\" href=\"http:\/\/www.mdb-idf.org\/spip\/IMG\/pdf\/Decret-12novembre2010.pdf\" target=\"_blank\">n\u00b02010-1390<\/a>) du 12 novembre 2010 facilite la mise en place de \u00ab\u00a0tourne-droite\u00a0\u00bb par les collectivit\u00e9s locales.<\/p>\n<p><strong>Qu\u2019est-ce que le \u00ab\u00a0tourne-droite\u00a0\u00bb?<\/strong><\/p>\n<p>Le \u00ab\u00a0tourne-droite\u00a0\u00bb est un am\u00e9nagement qui permet aux cyclistes de tourner \u00e0 droite au feu rouge en respectant la priorit\u00e9 aux pi\u00e9tons et \u00e0 la circulation g\u00e9n\u00e9rale. Cela se fait en longeant le trottoir.<\/p>\n<p>L\u2019am\u00e9nagement peut \u00eatre compl\u00e9t\u00e9 par une bande cyclable, qui s\u00e9curise le cycliste qui ne d\u00e9borde pas sur la route pour tourner.<\/p>\n<p><strong>Un am\u00e9nagement accidentog\u00e8ne?<\/strong><\/p>\n<p>Les premiers exp\u00e9rimentateurs (Strasbourg et Bordeaux), et maintenant Nantes, ne font pas \u00e9tat d\u2019un risque d\u2019accident particulier avec les \u00ab\u00a0tourne-droite\u00a0\u00bb. Au contraire une meilleure fluidit\u00e9 serait m\u00eame observ\u00e9e! De quoi balayer d\u2019un revers de la main les quelques arguments contre, notamment de la part des automobilistes.<\/p>\n<p>D\u2019ailleurs ceux-ci ne voient pas d\u2019un bon \u0153il la g\u00e9n\u00e9ralisation de ce syst\u00e8me. Cela dit, les panneaux ne sont pas install\u00e9s syst\u00e9matiquement \u00e0 tous les feux. Il ne s\u2019agit pas d\u2019une g\u00e9n\u00e9ralisation aveugle, voire irresponsable. Le cycliste se sentira ainsi un peu plus consid\u00e9r\u00e9 et \u00e0 l\u2019aise en ville.<\/p>\n<p>Esp\u00e9rons que l\u2019initiative de la ville de Nantes servira d\u2019exemple \u00e0 de nombreuses autres.<\/p>\n<p>Lire le document de Fubicy relatif au tourne droite<\/p>\n<p>Source: <a title=\"http:\/\/maillonsolidaire.wordpress.com\/\" href=\"http:\/\/maillonsolidaire.wordpress.com\/\" target=\"_blank\">http:\/\/maillonsolidaire.wordpress.com\/<\/a><\/p>\n","protected":false},"excerpt":{"rendered":"<p>L\u2019article, du quotidien 20minutes, soulignait la g\u00e9n\u00e9ralisation r\u00e9cente de l\u2019autorisation de tourner \u00e0 droite, pour les cyclistes, au feu rouge \u00e0 Nantes.<\/p>\n","protected":false},"author":465,"featured_media":16033,"comment_status":"open","ping_status":"open","sticky":false,"template":"","format":"standard","meta":[],"categories":[4,7],"tags":[146,1260,186,646,1255,332,133,1485,1664],"views":7701,"_links":{"self":[{"href":"https:\/\/carfree.fr\/index.php\/wp-json\/wp\/v2\/posts\/16009"}],"collection":[{"href":"https:\/\/carfree.fr\/index.php\/wp-json\/wp\/v2\/posts"}],"about":[{"href":"https:\/\/carfree.fr\/index.php\/wp-json\/wp\/v2\/types\/post"}],"author":[{"embeddable":true,"href":"https:\/\/carfree.fr\/index.php\/wp-json\/wp\/v2\/users\/465"}],"replies":[{"embeddable":true,"href":"https:\/\/carfree.fr\/index.php\/wp-json\/wp\/v2\/comments?post=16009"}],"version-history":[{"count":0,"href":"https:\/\/carfree.fr\/index.php\/wp-json\/wp\/v2\/posts\/16009\/revisions"}],"wp:featuredmedia":[{"embeddable":true,"href":"https:\/\/carfree.fr\/index.php\/wp-json\/"}],"wp:attachment":[{"href":"https:\/\/carfree.fr\/index.php\/wp-json\/wp\/v2\/media?parent=16009"}],"wp:term":[{"taxonomy":"category","embeddable":true,"href":"https:\/\/carfree.fr\/index.php\/wp-json\/wp\/v2\/categories?post=16009"},{"taxonomy":"post_tag","embeddable":true,"href":"https:\/\/carfree.fr\/index.php\/wp-json\/wp\/v2\/tags?post=16009"}],"curies":[{"name":"wp","href":"https:\/\/api.w.org\/{rel}","templated":true}]}}