{"id":161,"date":"2005-06-14T16:40:00","date_gmt":"2005-06-14T16:40:00","guid":{"rendered":"http:\/\/carfree.fr\/index.php\/2005\/06\/14\/le-monde-voiture\/"},"modified":"2023-11-13T16:42:27","modified_gmt":"2023-11-13T15:42:27","slug":"le-monde-voiture","status":"publish","type":"post","link":"https:\/\/carfree.fr\/index.php\/2005\/06\/14\/le-monde-voiture\/","title":{"rendered":"Le monde-voiture"},"content":{"rendered":"<p>Cette photo, illustrant l&rsquo;affiche du Mondial de l&rsquo;automobile 2004, assimile tout simplement la plan\u00e8te Terre \u00e0 une automobile&#8230; Ce \u00ab\u00a0monde-voiture\u00a0\u00bb est d\u00e9j\u00e0 en fait une r\u00e9alit\u00e9. <!--more--><\/p>\n<p>Aujourd&rsquo;hui, environ 700 millions de voitures circulent sur Terre et environ 40 millions de voitures sont produites chaque ann\u00e9e. Le milliard de voitures est imminent&#8230;<\/p>\n<p>Le \u00ab\u00a0monde-voiture\u00a0\u00bb fonce comme un bolide au sein de la galaxie, jusqu&rsquo;au trou noir&#8230;<\/p>\n<p>En attendant, tous au <strong><a href=\"http:\/\/carfree.fr\/index.php\/2004\/09\/20\/mondial-de-lauto-destruction\/\" title=\"http:\/\/carfree.fr\/index.php\/2004\/09\/20\/mondial-de-lauto-destruction\/\"> Mondial de l\u2019auto-destruction 2004<\/a>&#8230;<\/strong><\/p>\n","protected":false},"excerpt":{"rendered":"<p>Cette photo, illustrant l&rsquo;affiche du Mondial de l&rsquo;automobile 2004, assimile tout simplement la plan\u00e8te Terre \u00e0 une automobile&#8230; Ce \u00ab\u00a0monde-voiture\u00a0\u00bb est d\u00e9j\u00e0 en fait une r\u00e9alit\u00e9.<\/p>\n","protected":false},"author":1390,"featured_media":40918,"comment_status":"open","ping_status":"open","sticky":false,"template":"","format":"standard","meta":[],"categories":[52],"tags":[1848,85,213],"views":3441,"_links":{"self":[{"href":"https:\/\/carfree.fr\/index.php\/wp-json\/wp\/v2\/posts\/161"}],"collection":[{"href":"https:\/\/carfree.fr\/index.php\/wp-json\/wp\/v2\/posts"}],"about":[{"href":"https:\/\/carfree.fr\/index.php\/wp-json\/wp\/v2\/types\/post"}],"author":[{"embeddable":true,"href":"https:\/\/carfree.fr\/index.php\/wp-json\/wp\/v2\/users\/1390"}],"replies":[{"embeddable":true,"href":"https:\/\/carfree.fr\/index.php\/wp-json\/wp\/v2\/comments?post=161"}],"version-history":[{"count":0,"href":"https:\/\/carfree.fr\/index.php\/wp-json\/wp\/v2\/posts\/161\/revisions"}],"wp:featuredmedia":[{"embeddable":true,"href":"https:\/\/carfree.fr\/index.php\/wp-json\/wp\/v2\/media\/40918"}],"wp:attachment":[{"href":"https:\/\/carfree.fr\/index.php\/wp-json\/wp\/v2\/media?parent=161"}],"wp:term":[{"taxonomy":"category","embeddable":true,"href":"https:\/\/carfree.fr\/index.php\/wp-json\/wp\/v2\/categories?post=161"},{"taxonomy":"post_tag","embeddable":true,"href":"https:\/\/carfree.fr\/index.php\/wp-json\/wp\/v2\/tags?post=161"}],"curies":[{"name":"wp","href":"https:\/\/api.w.org\/{rel}","templated":true}]}}