{"id":16247,"date":"2012-01-03T09:38:30","date_gmt":"2012-01-03T08:38:30","guid":{"rendered":"http:\/\/carfree.fr\/?p=16247"},"modified":"2022-05-06T08:15:39","modified_gmt":"2022-05-06T07:15:39","slug":"allez-les-filles","status":"publish","type":"post","link":"https:\/\/carfree.fr\/index.php\/2012\/01\/03\/allez-les-filles\/","title":{"rendered":"Allez les filles !"},"content":{"rendered":"<p><img decoding=\"async\" loading=\"lazy\" title=\"allez-les-filles\" src=\"http:\/\/carfree.fr\/images\/allez-les-filles.jpg\" alt=\"\" width=\"420\" height=\"200\" \/><\/p>\n<p>Le bruit court\u2026 Des femmes vont aller \u00e0 Paris. Pas n\u2019importe quelles femmes, nos cons\u0153urs cyclotes. En 2012. Avec leur v\u00e9lo. <!--more--><\/p>\n<p>A l\u2019invitation de la FFCT. (F\u00e9d\u00e9ration fran\u00e7aise de cyclotourisme)<\/p>\n<p>Le bruit se renforce tellement qu\u2019on va \u00eatre oblig\u00e9s de les entendre, nous les mecs.<\/p>\n<p>Les comit\u00e9s d\u2019organisation ont affut\u00e9 leurs crayons et les itin\u00e9raires se dessinent.<\/p>\n<p>On dit qu\u2019elles vont passer par Belfort puis filer vers la Haute-Marne et gagner la Brie\u2026<\/p>\n<p>On imagine d\u00e9j\u00e0 <em>les mateurs de meufs<\/em> sur le bord des routes.<\/p>\n<p>Misogyne le Maxou?<\/p>\n<p>Non!<\/p>\n<p>Euh\u2026je ne pense pas.<\/p>\n<p><img decoding=\"async\" loading=\"lazy\" title=\"toutes-a-paris\" src=\"http:\/\/carfree.fr\/images\/toutes-a-paris.jpg\" alt=\"\" width=\"420\" height=\"585\" \/><\/p>\n<p>Mais quand m\u00eame, quelle dr\u00f4le d\u2019id\u00e9e que de faire converger des femmes sur leur v\u00e9lo \u00e0 Paris!<\/p>\n<p>Pourquoi pas plut\u00f4t \u00e0 Rome?<\/p>\n<p>Cette singularit\u00e9 f\u00e9minine serait-elle une nouvelle religion qui ne dit pas son nom?<\/p>\n<p>Une mixit\u00e9 \u00e0 l\u2019envers? Comme les heures de piscine lilloise?<\/p>\n<p>Les pipelettes ont-elles d\u00e9cid\u00e9es de<em> tchatcher chiffons<\/em> pendant la route ou comme le sugg\u00e8re avec perfidie le bulletin du Codep Haut-Rhin de juin 2006, <em>est-ce un bon moyen de rencontrer un mec?<\/em><\/p>\n<p>On n\u2019a pas fini d\u2019en entendre parler d\u2019ici septembre.<\/p>\n<p>Source: <a title=\"http:\/\/velomaxou.wordpress.com\/\" href=\"http:\/\/velomaxou.wordpress.com\/\" target=\"_blank\">http:\/\/velomaxou.wordpress.com\/<\/a><\/p>\n","protected":false},"excerpt":{"rendered":"<p>Le bruit court\u2026 Des femmes vont aller \u00e0 Paris. Pas n\u2019importe quelles femmes, nos cons\u0153urs cyclotes. En 2012. Avec leur v\u00e9lo.<\/p>\n","protected":false},"author":195,"featured_media":16249,"comment_status":"open","ping_status":"open","sticky":false,"template":"","format":"standard","meta":[],"categories":[4,7],"tags":[1271,770,646,1827,106,1664],"views":4449,"_links":{"self":[{"href":"https:\/\/carfree.fr\/index.php\/wp-json\/wp\/v2\/posts\/16247"}],"collection":[{"href":"https:\/\/carfree.fr\/index.php\/wp-json\/wp\/v2\/posts"}],"about":[{"href":"https:\/\/carfree.fr\/index.php\/wp-json\/wp\/v2\/types\/post"}],"author":[{"embeddable":true,"href":"https:\/\/carfree.fr\/index.php\/wp-json\/wp\/v2\/users\/195"}],"replies":[{"embeddable":true,"href":"https:\/\/carfree.fr\/index.php\/wp-json\/wp\/v2\/comments?post=16247"}],"version-history":[{"count":0,"href":"https:\/\/carfree.fr\/index.php\/wp-json\/wp\/v2\/posts\/16247\/revisions"}],"wp:featuredmedia":[{"embeddable":true,"href":"https:\/\/carfree.fr\/index.php\/wp-json\/"}],"wp:attachment":[{"href":"https:\/\/carfree.fr\/index.php\/wp-json\/wp\/v2\/media?parent=16247"}],"wp:term":[{"taxonomy":"category","embeddable":true,"href":"https:\/\/carfree.fr\/index.php\/wp-json\/wp\/v2\/categories?post=16247"},{"taxonomy":"post_tag","embeddable":true,"href":"https:\/\/carfree.fr\/index.php\/wp-json\/wp\/v2\/tags?post=16247"}],"curies":[{"name":"wp","href":"https:\/\/api.w.org\/{rel}","templated":true}]}}