{"id":16451,"date":"2012-01-23T08:09:39","date_gmt":"2012-01-23T07:09:39","guid":{"rendered":"http:\/\/carfree.fr\/?p=16451"},"modified":"2016-05-26T16:46:05","modified_gmt":"2016-05-26T15:46:05","slug":"a-propos-de-la-consultation-nationale-sur-les-radars-organisee-par-la-ligue-de-defense-des-conducteurs","status":"publish","type":"post","link":"https:\/\/carfree.fr\/index.php\/2012\/01\/23\/a-propos-de-la-consultation-nationale-sur-les-radars-organisee-par-la-ligue-de-defense-des-conducteurs\/","title":{"rendered":"A propos de la Consultation Nationale sur les Radars organis\u00e9e par la Ligue de D\u00e9fense des Conducteurs&#8230;"},"content":{"rendered":"<p><img decoding=\"async\" loading=\"lazy\" title=\"ligue-de-defense-des-conducteurs\" src=\"http:\/\/carfree.fr\/images\/ligue-de-defense-des-conducteurs1.jpg\" alt=\"\" width=\"420\" height=\"200\" \/><\/p>\n<p>Je re\u00e7ois d&rsquo;un ami un message qui semble circuler en ce moment dans<br \/>\nles boites \u00e0 lettre \u00e9lectroniques de beaucoup de gens. Ce message m&rsquo;invite \u00e0 participer \u00e0 la Consultation Nationale sur les Radars organis\u00e9e par la Ligue de D\u00e9fense des Conducteurs. Cette \u00ab\u00a0ligue\u00a0\u00bb entend protester contre la multiplication, le fonctionnement plus perfectionn\u00e9 des radars et une politique plus r\u00e9pressive et intol\u00e9rante envers les auteurs d&rsquo;exc\u00e8s de vitesse. <!--more--><\/p>\n<p>Conscient du fait que la majorit\u00e9 de nos concitoyens automobilistes font preuve d&rsquo;une sensibilit\u00e9 exacerb\u00e9e lorsque l&rsquo;on touche \u00e0 ce qu&rsquo;ils pensent \u00eatre une \u00ab\u00a0libert\u00e9\u00a0\u00bb de circulation, je crains qu&rsquo;ils ne tombent facilement dans le panneau de cette campagne de propagande ultra-populiste et n&rsquo;aillent de leur petite indignation conforter les ravages sociaux, culturels et environnementaux provoqu\u00e9s par ce qu&rsquo;il faut bien appeler \u00ab\u00a0la civilisation de l&rsquo;automobile\u00a0\u00bb.<\/p>\n<p>Aussi, afin de leur faire prendre un peu de ce recul qui pourrait leur \u00e9viter d&rsquo;apporter caution \u00e0 cette op\u00e9ration aussi r\u00e9voltante que l&rsquo;id\u00e9ologie qu&rsquo;elle d\u00e9fend, j&rsquo;ai renvoy\u00e9 \u00e0 cet ami et aux autres destinataires de son message le cri suivant:<\/p>\n<p>Encore une marotte du FN en p\u00e9riode pr\u00e9\u00e9lectorale!<br \/>\nCombien de pi\u00e9tons et de cyclistes \u00e9cras\u00e9s par les automobilistes ?<br \/>\nCombien d&rsquo;hommes, de femmes et d&rsquo;enfants flou\u00e9s par le culte de la<br \/>\nmobilit\u00e9 et de la vitesse sacr\u00e9es reines du progr\u00e8s?<br \/>\nCombien de paysages morts, combien de surface artificialis\u00e9e, combien<br \/>\nde douceur, de beaut\u00e9 et d&rsquo;humanit\u00e9 perdue dans la mobilit\u00e9 forc\u00e9e, les<br \/>\nam\u00e9nagements routiers et les lignes de TGV ?<\/p>\n<p>R\u00e9fl\u00e9chissons vraiment: les abus ne sont pas ceux du contr\u00f4le et des sanctions exerc\u00e9es \u00e0 l&rsquo;encontre des automobilistes mais bien ceux du parking, du bitume, de l&rsquo;hyper et de la vitesse contre la vraie libert\u00e9, celle qui se vit et s&rsquo;assume autonome, sans p\u00e9trole ni nucl\u00e9aire, sans moteur et sans arme!<\/p>\n<p>Comme je le pr\u00e9sumais, cette op\u00e9ration est relay\u00e9e sur le site de<br \/>\nBruno Gollnish, d\u00e9put\u00e9 de la tendance ultra du FN.<\/p>\n<p>http:\/\/www.gollnisch.com\/2010\/05\/28\/les-automobilistes-face-au-harcelement-repressif\/<\/p>\n<p>Les liens entre le fascisme et la promotion du v\u00e9hicule automobile<br \/>\nindividuel ont un lourd passif: autostrades (anc\u00eatres de nos<br \/>\nautoroutes) mises en \u0153uvre sous le r\u00e9gime nazi allemand, engagement<br \/>\npolitique de Ford en faveur du m\u00eame r\u00e9gime, etc&#8230;<\/p>\n<p>La bagnole est un fl\u00e9au autoritaire, v\u00e9ritable instrument de l&rsquo;uniformisation de nos modes de vie. Elle s&rsquo;impose \u00e0 notre environnement avec une telle violence que nous avons \u00e9t\u00e9 rendus sourds et aveugles \u00e0 ses nuisances. Avec la bagnole, l&rsquo;esclavage et la tyrannie s&rsquo;exercent en toute impunit\u00e9 dans tous les pays du monde: guerres du p\u00e9trole, massacres de populations civiles, perversion id\u00e9ologique et culturelle de la notion de voyage, pourtant fondamentale \u00e0 l&rsquo;\u00e9quilibre mental de l&rsquo;homme, endettement des m\u00e9nages au profit des sp\u00e9culateurs, croissance du temps de travail pour l&rsquo;achat, l&rsquo;entretien et la circulation du v\u00e9hicule, destruction des liens sociaux de proximit\u00e9, destruction de l&rsquo;environnement, etc&#8230;<\/p>\n<p>Andr\u00e9 Gorz, journaliste et philosophe (\u00e0 moins que ce ne soit Ivan Illich) d\u00e9montrait qu&rsquo;en r\u00e9alit\u00e9 la vitesse d&rsquo;une automobile, si l&rsquo;on devait tenir d\u00e9compte du temps (ou de l&rsquo;\u00e9quivalent main d&rsquo;oeuvre) pass\u00e9 \u00e0 la construire, \u00e0 l&rsquo;entretenir et \u00e0 lui fournir du carburant, n&rsquo;\u00e9tait pas de plus de 5 Km\/heure.<\/p>\n<p>C&rsquo;est la pire industrie de masse que l&rsquo;on ait jamais eue.<\/p>\n<p>Que les radars fleurissent, que l&rsquo;\u00e9tat s&rsquo;en mette plein les poches et quand plus personne n&rsquo;aura les moyens de rouler en voiture, faute de trafic, les arbres repousseront sur le macadam, o\u00f9 viendront s&rsquo;encastrer les \u00e9lites roulantes !<\/p>\n<div>\n<div><img decoding=\"async\" src=\"https:\/\/mail.google.com\/mail\/images\/cleardot.gif\" alt=\"\" \/><\/div>\n<\/div>\n","protected":false},"excerpt":{"rendered":"<p>Je re\u00e7ois d&rsquo;un ami un message qui semble circuler en ce moment dans les boites \u00e0 lettre \u00e9lectroniques de beaucoup de gens. Ce message m&rsquo;invite \u00e0 participer \u00e0 la Consultation <a class=\"more-link\" href=\"https:\/\/carfree.fr\/index.php\/2012\/01\/23\/a-propos-de-la-consultation-nationale-sur-les-radars-organisee-par-la-ligue-de-defense-des-conducteurs\/\">Lire la suite&#8230;<\/a><\/p>\n","protected":false},"author":537,"featured_media":16457,"comment_status":"open","ping_status":"open","sticky":false,"template":"","format":"standard","meta":[],"categories":[73,1038],"tags":[185,110,16,81,967,177,434,178,144],"views":8884,"_links":{"self":[{"href":"https:\/\/carfree.fr\/index.php\/wp-json\/wp\/v2\/posts\/16451"}],"collection":[{"href":"https:\/\/carfree.fr\/index.php\/wp-json\/wp\/v2\/posts"}],"about":[{"href":"https:\/\/carfree.fr\/index.php\/wp-json\/wp\/v2\/types\/post"}],"author":[{"embeddable":true,"href":"https:\/\/carfree.fr\/index.php\/wp-json\/wp\/v2\/users\/537"}],"replies":[{"embeddable":true,"href":"https:\/\/carfree.fr\/index.php\/wp-json\/wp\/v2\/comments?post=16451"}],"version-history":[{"count":0,"href":"https:\/\/carfree.fr\/index.php\/wp-json\/wp\/v2\/posts\/16451\/revisions"}],"wp:featuredmedia":[{"embeddable":true,"href":"https:\/\/carfree.fr\/index.php\/wp-json\/"}],"wp:attachment":[{"href":"https:\/\/carfree.fr\/index.php\/wp-json\/wp\/v2\/media?parent=16451"}],"wp:term":[{"taxonomy":"category","embeddable":true,"href":"https:\/\/carfree.fr\/index.php\/wp-json\/wp\/v2\/categories?post=16451"},{"taxonomy":"post_tag","embeddable":true,"href":"https:\/\/carfree.fr\/index.php\/wp-json\/wp\/v2\/tags?post=16451"}],"curies":[{"name":"wp","href":"https:\/\/api.w.org\/{rel}","templated":true}]}}