{"id":16626,"date":"2012-02-06T14:11:55","date_gmt":"2012-02-06T13:11:55","guid":{"rendered":"http:\/\/carfree.fr\/?p=16626"},"modified":"2018-06-27T14:03:16","modified_gmt":"2018-06-27T13:03:16","slug":"pendant-ce-temps-chez-les-rosbifs-the-times-lance-une-campagne-pour-proteger-les-cyclistes","status":"publish","type":"post","link":"https:\/\/carfree.fr\/index.php\/2012\/02\/06\/pendant-ce-temps-chez-les-rosbifs-the-times-lance-une-campagne-pour-proteger-les-cyclistes\/","title":{"rendered":"Pendant ce temps chez les rosbifs: The Times lance une campagne pour prot\u00e9ger les cyclistes"},"content":{"rendered":"<p><img decoding=\"async\" loading=\"lazy\" title=\"the-times-cyclistes\" src=\"http:\/\/carfree.fr\/images\/the-times-cyclistes.jpg\" alt=\"\" width=\"420\" height=\"200\" \/><\/p>\n<p>On a sans doute la presse qu\u2019on m\u00e9rite. Chez nous concernant le v\u00e9lo, le principe est simple, le v\u00e9lo est une alternative \u00ab\u00a0d\u00e9veloppement durable approved\u00a0\u00bb \u00e0 la d\u00e9linquance pour faire trembler les foules. <!--more--><\/p>\n<p><a title=\"http:\/\/www.lefigaro.fr\/actualite-france\/2012\/01\/30\/01016-20120130QCMWWW00407-tes-vous-favorables-a-la-possibilite-de-tourner-a-droite-au-feu-rouge-pour-les-velos.php\" href=\"http:\/\/www.lefigaro.fr\/actualite-france\/2012\/01\/30\/01016-20120130QCMWWW00407-tes-vous-favorables-a-la-possibilite-de-tourner-a-droite-au-feu-rouge-pour-les-velos.php\" target=\"_blank\"><img decoding=\"async\" loading=\"lazy\" title=\"sondage-le-figaro\" src=\"http:\/\/carfree.fr\/images\/sondage-le-figaro.jpg\" alt=\"\" width=\"272\" height=\"300\" \/><\/a><\/p>\n<p>Cons\u00e9quence donc, s\u2019il y a eu un peu d\u2019actu sur le v\u00e9lo ces derniers jours, le traitement a donn\u00e9 soit dans le ridicule (voire le mensonger, pour avoir une description exacte de ce qui se passe lire ici ) avec son cort\u00e8ge de \u00ab les v\u00e9los sont autoris\u00e9s \u00e0 bruler les feux rouges \u00bb soit dans l\u2019incitation au flip (pensez donc, ces hordes de cyclistes aux cheveux longs et aux dents jaunes qui risquent de d\u00e9ferler sur nos villes).<\/p>\n<p>Un bon exemple avec ce sondage du Figaro (qui ne nous \u00e9tonnamment pas gratifi\u00e9s d\u2019un \u00ab\u00a0pour ou contre la vente d\u2019avions de guerre et des technologies aff\u00e9rentes a un pays \u00e0 la stabilit\u00e9 questionnable\u00a0\u00bb).<\/p>\n<p>De l\u2019autre c\u00f4t\u00e9 de La Manche en revanche, le v\u00e9lo semble pris plus au s\u00e9rieux (ceci \u00e9tant les v\u00e9los pullulent dans les rues de Londres), le v\u00e9n\u00e9rable quotidien \u00a0(il date de 1785, la police de caract\u00e8res Times tire son nom du journal) \u00a0<strong>The Times<\/strong> lance une campagne pour la protection des cyclistes avec le concours des gloires locales de la p\u00e9dale comme <a title=\"Mark Cavendish\" href=\"https:\/\/twitter.com\/markcavendish\" target=\"_blank\">Mark Cavendish<\/a>.<\/p>\n<div id=\"attachment_3992\"><a title=\"http:\/\/www.thetimes.co.uk\/tto\/public\/cyclesafety\/article3307439.ece\" href=\"http:\/\/www.thetimes.co.uk\/tto\/public\/cyclesafety\/article3307439.ece\" target=\"_blank\"><img decoding=\"async\" loading=\"lazy\" title=\"the-times\" src=\"http:\/\/carfree.fr\/images\/the-times.jpg\" alt=\"\" width=\"420\" height=\"360\" \/><br \/>\n<\/a>Version online du Times<\/div>\n<p>\u00c7a a quand m\u00eame plus de gueule non ?<\/p>\n<p>Il faut dire que le contexte est diff\u00e9rent, par exemple, David Cameron est un cycliste, il a d\u2019ailleurs d\u00e9j\u00e0 fait <a title=\"David Cameron v\u00e9lo\" href=\"http:\/\/news.bbc.co.uk\/2\/hi\/uk_news\/7308400.stm\" target=\"_blank\">les titres de la presse britannique&#8230; pour avoir grill\u00e9 des feux rouges \u00e0 v\u00e9lo<\/a>\u2026<\/p>\n<p><a title=\"http:\/\/www.guardian.co.uk\/environment\/green-living-blog\/2010\/apr\/07\/david-cameron-cycles-without-helmet\" href=\"http:\/\/www.guardian.co.uk\/environment\/green-living-blog\/2010\/apr\/07\/david-cameron-cycles-without-helmet\" target=\"_blank\"><img decoding=\"async\" loading=\"lazy\" title=\"david-cameron\" src=\"http:\/\/carfree.fr\/images\/david-cameron.jpg\" alt=\"\" width=\"420\" height=\"333\" \/><\/a><\/p>\n","protected":false},"excerpt":{"rendered":"<p>On a sans doute la presse qu\u2019on m\u00e9rite. Chez nous concernant le v\u00e9lo, le principe est simple, le v\u00e9lo est une alternative \u00ab\u00a0d\u00e9veloppement durable approved\u00a0\u00bb \u00e0 la d\u00e9linquance pour faire <a class=\"more-link\" href=\"https:\/\/carfree.fr\/index.php\/2012\/02\/06\/pendant-ce-temps-chez-les-rosbifs-the-times-lance-une-campagne-pour-proteger-les-cyclistes\/\">Lire la suite&#8230;<\/a><\/p>\n","protected":false},"author":250,"featured_media":16627,"comment_status":"open","ping_status":"open","sticky":false,"template":"","format":"standard","meta":[],"categories":[4,7],"tags":[350,646,100,926,263,178,1664],"views":5889,"_links":{"self":[{"href":"https:\/\/carfree.fr\/index.php\/wp-json\/wp\/v2\/posts\/16626"}],"collection":[{"href":"https:\/\/carfree.fr\/index.php\/wp-json\/wp\/v2\/posts"}],"about":[{"href":"https:\/\/carfree.fr\/index.php\/wp-json\/wp\/v2\/types\/post"}],"author":[{"embeddable":true,"href":"https:\/\/carfree.fr\/index.php\/wp-json\/wp\/v2\/users\/250"}],"replies":[{"embeddable":true,"href":"https:\/\/carfree.fr\/index.php\/wp-json\/wp\/v2\/comments?post=16626"}],"version-history":[{"count":0,"href":"https:\/\/carfree.fr\/index.php\/wp-json\/wp\/v2\/posts\/16626\/revisions"}],"wp:featuredmedia":[{"embeddable":true,"href":"https:\/\/carfree.fr\/index.php\/wp-json\/"}],"wp:attachment":[{"href":"https:\/\/carfree.fr\/index.php\/wp-json\/wp\/v2\/media?parent=16626"}],"wp:term":[{"taxonomy":"category","embeddable":true,"href":"https:\/\/carfree.fr\/index.php\/wp-json\/wp\/v2\/categories?post=16626"},{"taxonomy":"post_tag","embeddable":true,"href":"https:\/\/carfree.fr\/index.php\/wp-json\/wp\/v2\/tags?post=16626"}],"curies":[{"name":"wp","href":"https:\/\/api.w.org\/{rel}","templated":true}]}}