{"id":16888,"date":"2012-03-19T09:16:11","date_gmt":"2012-03-19T08:16:11","guid":{"rendered":"http:\/\/carfree.fr\/?p=16888"},"modified":"2020-08-16T21:14:12","modified_gmt":"2020-08-16T20:14:12","slug":"jose-reviens","status":"publish","type":"post","link":"https:\/\/carfree.fr\/index.php\/2012\/03\/19\/jose-reviens\/","title":{"rendered":"Jos\u00e9 reviens !"},"content":{"rendered":"<p><img decoding=\"async\" loading=\"lazy\" title=\"josereviens\" src=\"http:\/\/carfree.fr\/images\/josereviens.jpg\" alt=\"\" width=\"420\" height=\"200\" \/><\/p>\n<p>Un cort\u00e8ge d\u2019irr\u00e9ductibles objecteurs de croissance partira \u00e0 bicyclette  du McDo d\u00e9mont\u00e9 de Millau, le jeudi 5 juillet 2012, pour aller chercher  Jos\u00e9 Bov\u00e9 au Parlement europ\u00e9en \u00e0 Strasbourg. \u00c0 l\u2019arriv\u00e9e, pr\u00e9vue  autour du 20 juillet, nous remettrons ensemble les signatures de cette  p\u00e9tition \u00e0 l\u2019eurod\u00e9put\u00e9. <!--more--><\/p>\n<p>Cher Jos\u00e9 Bov\u00e9,<\/p>\n<p>Apr\u00e8s une vie de rebelle, tu as rejoint Daniel Cohn-Bendit, l\u2019\u00ab <em>enfant ch\u00e9ri des m\u00e9dias<\/em> \u00bb, VRP du capitalisme vert, de l\u2019Europe libre-\u00e9changiste et incarnation  de la figure du r\u00e9volt\u00e9 repenti devenu le plus efficace ap\u00f4tre et chien  de garde de l\u2019ordre en place. Tu as ensuite soutenu le pr\u00e9sentateur de  TF1, Nicolas Hulot, et son cirque m\u00e9diatique.<\/p>\n<p>Tu touches d\u00e9sormais les gros euros-sesterces  d\u2019\u00e9moluments de d\u00e9put\u00e9 europ\u00e9en. Mais le plus important ne rel\u00e8ve pas  ici du comptable: il se joue sur le plan symbolique. Tu incarnais cet \u00ab  irr\u00e9ductible Gaulois \u00bb qui \u00ab r\u00e9siste encore et toujours \u00e0 l\u2019envahisseur  \u00bb. Ton revirement a cr\u00e9\u00e9 des d\u00e9g\u00e2ts symboliques consid\u00e9rables dans la  soci\u00e9t\u00e9: il a donn\u00e9 \u00e0 penser que toute r\u00e9sistance est vaine;  qu\u2019Ast\u00e9rix s\u2019est vendu \u00e0 McDo. \u00c0 ce titre, la campagne de publicit\u00e9 de  cette multinationale de la \u00ab junk-food \u00bb, repr\u00e9sentant le village  gaulois festoyant dans un de ses restaurants, est tout un symbole. Jos\u00e9,  beaucoup de nous ont admir\u00e9 la force de ton engagement, ont cru en toi  et ont donn\u00e9 d\u2019eux pour ta campagne pr\u00e9sidentielle de 2007. Le sentiment  d\u2019avoir \u00e9t\u00e9 dup\u00e9s, de s\u2019\u00eatre fait utiliser pour revendre un capital  m\u00e9diatique et d\u2019avoir \u00e9t\u00e9 les dindons de la farce est fort.<\/p>\n<p><img decoding=\"async\" loading=\"lazy\" title=\"village-asterix\" src=\"http:\/\/carfree.fr\/images\/village-asterix.jpg\" alt=\"\" width=\"400\" height=\"305\" \/><\/p>\n<p>Jos\u00e9, il n\u2019y aura pas d\u2019\u00e9cologie politique sans rupture  avec les postures de soumission. \u00c0 d\u00e9faut, il ne reste plus que des  logiques d\u2019am\u00e9nagements qui cautionnent un syst\u00e8me mortif\u00e8re. Nous  n\u2019avons pas besoin d\u2019un \u00e9colo-technocrate de plus; notre syst\u00e8me en  produit des l\u00e9gions. Non, ce dont nous avons besoin, c\u2019est de rebelles,  de dissidents, d\u2019hommes et de femmes debout.<\/p>\n<p>Cet \u00e9t\u00e9 nous partirons du McDonald\u2019s de Millau pour rejoindre \u00e0 bicyclette le Parlement europ\u00e9en \u00e0 Strasbourg.  Nous viendrons t\u2019y chercher pour t\u2019inviter \u00e0 rejoindre \u00e0 nouveau le  camp de la dissidence. Nous te porterons la p\u00e9tition pr\u00e9sente. Avant que  le ciel ne nous tombe sur la t\u00eate, reviens, Jos\u00e9!<\/p>\n","protected":false},"excerpt":{"rendered":"<p>Un cort\u00e8ge d\u2019irr\u00e9ductibles objecteurs de croissance partira \u00e0 bicyclette du McDo d\u00e9mont\u00e9 de Millau, le jeudi 5 juillet 2012, pour aller chercher Jos\u00e9 Bov\u00e9 au Parlement europ\u00e9en \u00e0 Strasbourg. \u00c0 <a class=\"more-link\" href=\"https:\/\/carfree.fr\/index.php\/2012\/03\/19\/jose-reviens\/\">Lire la suite&#8230;<\/a><\/p>\n","protected":false},"author":42,"featured_media":16890,"comment_status":"open","ping_status":"open","sticky":false,"template":"","format":"standard","meta":[],"categories":[78,7],"tags":[745,107,84,169,1313,691,1668,287,133,1664],"views":6150,"_links":{"self":[{"href":"https:\/\/carfree.fr\/index.php\/wp-json\/wp\/v2\/posts\/16888"}],"collection":[{"href":"https:\/\/carfree.fr\/index.php\/wp-json\/wp\/v2\/posts"}],"about":[{"href":"https:\/\/carfree.fr\/index.php\/wp-json\/wp\/v2\/types\/post"}],"author":[{"embeddable":true,"href":"https:\/\/carfree.fr\/index.php\/wp-json\/wp\/v2\/users\/42"}],"replies":[{"embeddable":true,"href":"https:\/\/carfree.fr\/index.php\/wp-json\/wp\/v2\/comments?post=16888"}],"version-history":[{"count":0,"href":"https:\/\/carfree.fr\/index.php\/wp-json\/wp\/v2\/posts\/16888\/revisions"}],"wp:featuredmedia":[{"embeddable":true,"href":"https:\/\/carfree.fr\/index.php\/wp-json\/"}],"wp:attachment":[{"href":"https:\/\/carfree.fr\/index.php\/wp-json\/wp\/v2\/media?parent=16888"}],"wp:term":[{"taxonomy":"category","embeddable":true,"href":"https:\/\/carfree.fr\/index.php\/wp-json\/wp\/v2\/categories?post=16888"},{"taxonomy":"post_tag","embeddable":true,"href":"https:\/\/carfree.fr\/index.php\/wp-json\/wp\/v2\/tags?post=16888"}],"curies":[{"name":"wp","href":"https:\/\/api.w.org\/{rel}","templated":true}]}}