{"id":17107,"date":"2005-09-25T10:19:58","date_gmt":"2005-09-25T09:19:58","guid":{"rendered":"http:\/\/carfree.fr\/?p=17107"},"modified":"2025-01-07T10:19:18","modified_gmt":"2025-01-07T09:19:18","slug":"petrole-foncez-droit-dans-le-mur","status":"publish","type":"post","link":"https:\/\/carfree.fr\/index.php\/2005\/09\/25\/petrole-foncez-droit-dans-le-mur\/","title":{"rendered":"P\u00e9trole, foncez droit dans le mur"},"content":{"rendered":"<p>Une dizaine de militantEs s&rsquo;est retrouv\u00e9e au capitole \u00e0 Toulouse pour une action intitul\u00e9e \u00ab\u00a0P\u00e9trole, foncez droit dans le mur\u00a0\u00bb. <!--more--><\/p>\n<p>Une banderole a \u00e9t\u00e9 tendue en travers de la rue, on pouvait y lire \u00ab\u00a0P\u00e9trole: Droit au mur\u00a0\u00bb un mur \u00e9tait dessin\u00e9 en dessous, avec des mots clef tels que \u00ab\u00a0effet de serre, intoxication\u00a0\u00bb inscrits sur les diff\u00e9rentes briques.<\/p>\n<p>Le bas de la banderole n&rsquo;\u00e9tait pas fixe, ce qui permettait aux voitures de passer sans l&rsquo;arracher en\u00a0 fon\u00e7ant dans le mur&#8230; \u00c7a marchait plut\u00f4t bien&#8230;<\/p>\n<p>Mais les CRS sont bien vite (au bout de 2-3 minutes!) intervenus pour r\u00e9tablir l&rsquo;ordre et la circulation des pollueurs.\u00a0 Les militantEs leur ont fait tout de m\u00eame un petit expos\u00e9 sur la pollution. Mais ils ne se laissent pas\u00a0 d\u00e9tourner des Ordres d&rsquo;en Haut! C&rsquo;est ainsi qu&rsquo;ils ont proc\u00e9d\u00e9 au contr\u00f4le de l&rsquo;identit\u00e9 des trublions. La raison de ce contr\u00f4le? citons un policier:\u00a0 \u00ab\u00a0y en a pas vraiment mais on peut en trouver une, trouble de l&rsquo;ordre public ou attroupement\u00a0\u00bb .<\/p>\n<p>Nous nous sommes ensuite post\u00e9s sur le bord de la route \u00e0 un endroit visible et nous avons distribu\u00e9 nos <a href=\"http:\/\/chichetoulouse.free.fr\/anciensite\/Actions\/la_rue_est_a_nous\/tract_jsv2.doc\">tracts<\/a> jusqu&rsquo;au dernier, toujours fort bien surveill\u00e9s par les CRS et la police municipale qui n&rsquo;avait pas tout suivi et nous dit \u00ab\u00a0vous n&rsquo;allez pas sur la route, l\u00e0. C&rsquo;est annonc\u00e9 jusqu&rsquo;\u00e0 quelle heure?\u00a0\u00bb&#8230;<\/p>\n<p>Toulouse, d\u00e8s qu&rsquo;on inqui\u00e8te le r\u00e8gne automobile&#8230; les forces de l&rsquo;ordre interviennent. Ceux qui \u00e9taient l\u00e0 \u00e0 l&rsquo;action \u00ab\u00a0espace lib\u00e9r\u00e9\u00a0\u00bb se souviennent s\u00fbrement de la rencontre avec les vigiles puis les CRS&#8230;<\/p>\n<p><a href=\"http:\/\/chichetoulouse.free.fr\/anciensite\/Actions\/la_rue_est_a_nous\/2005-depeche.txt\">Lire l&rsquo;article<\/a> de la D\u00e9p\u00eache du midi.<\/p>\n<p>Le site de l&rsquo;action: <a title=\"http:\/\/chichetoulouse.free.fr\/anciensite\/Actions\/la_rue_est_a_nous\/journee-ss-voitures.html\" href=\"http:\/\/chichetoulouse.free.fr\/anciensite\/Actions\/la_rue_est_a_nous\/journee-ss-voitures.html\" target=\"_blank\" rel=\"noopener\">http:\/\/chichetoulouse.free.fr\/<\/a><\/p>\n","protected":false},"excerpt":{"rendered":"<p>Une dizaine de militantEs s&rsquo;est retrouv\u00e9e au capitole \u00e0 Toulouse pour une action intitul\u00e9e \u00ab\u00a0P\u00e9trole, foncez droit dans le mur\u00a0\u00bb.<\/p>\n","protected":false},"author":11,"featured_media":46193,"comment_status":"open","ping_status":"open","sticky":false,"template":"","format":"standard","meta":[],"categories":[6,70],"tags":[1848,181,53,55,45,33,218],"views":3620,"_links":{"self":[{"href":"https:\/\/carfree.fr\/index.php\/wp-json\/wp\/v2\/posts\/17107"}],"collection":[{"href":"https:\/\/carfree.fr\/index.php\/wp-json\/wp\/v2\/posts"}],"about":[{"href":"https:\/\/carfree.fr\/index.php\/wp-json\/wp\/v2\/types\/post"}],"author":[{"embeddable":true,"href":"https:\/\/carfree.fr\/index.php\/wp-json\/wp\/v2\/users\/11"}],"replies":[{"embeddable":true,"href":"https:\/\/carfree.fr\/index.php\/wp-json\/wp\/v2\/comments?post=17107"}],"version-history":[{"count":0,"href":"https:\/\/carfree.fr\/index.php\/wp-json\/wp\/v2\/posts\/17107\/revisions"}],"wp:featuredmedia":[{"embeddable":true,"href":"https:\/\/carfree.fr\/index.php\/wp-json\/wp\/v2\/media\/46193"}],"wp:attachment":[{"href":"https:\/\/carfree.fr\/index.php\/wp-json\/wp\/v2\/media?parent=17107"}],"wp:term":[{"taxonomy":"category","embeddable":true,"href":"https:\/\/carfree.fr\/index.php\/wp-json\/wp\/v2\/categories?post=17107"},{"taxonomy":"post_tag","embeddable":true,"href":"https:\/\/carfree.fr\/index.php\/wp-json\/wp\/v2\/tags?post=17107"}],"curies":[{"name":"wp","href":"https:\/\/api.w.org\/{rel}","templated":true}]}}