{"id":17216,"date":"2012-04-05T08:36:02","date_gmt":"2012-04-05T07:36:02","guid":{"rendered":"http:\/\/carfree.fr\/?p=17216"},"modified":"2016-05-26T14:01:01","modified_gmt":"2016-05-26T13:01:01","slug":"le-bio-et-la-bagnole-ny-voyez-aucune-contradiction","status":"publish","type":"post","link":"https:\/\/carfree.fr\/index.php\/2012\/04\/05\/le-bio-et-la-bagnole-ny-voyez-aucune-contradiction\/","title":{"rendered":"Le bio et la bagnole: n&rsquo;y voyez aucune contradiction!"},"content":{"rendered":"<p><img decoding=\"async\" loading=\"lazy\" title=\"biocoop\" src=\"http:\/\/carfree.fr\/images\/biocoop.jpg\" alt=\"\" width=\"420\" height=\"200\" \/><\/p>\n<p>Ce pourrait \u00eatre ailleurs, ce pourrait \u00eatre partout. J\u2019entrais  il y a quelques jours dans une \u00e9picerie \u201cBio\u201d pour y faire quelques  emplettes, faussement \u00e9tonn\u00e9 d\u2019y voir coller \u00e0 la porte d\u2019entr\u00e9e une  affichette marquant \u201c<em>non \u00e0 la suppression des 57 places de parking<\/em>\u201c. <!--more--><\/p>\n<p>A mon tour, d\u2019un air dubitatif affect\u00e9, j\u2019interrogeai le patron qui tenait justement la caisse: \u201d <em>57 places de parking en moins, c\u2019est une bonne chose, non<\/em>\u201c? Je savais bien ce qu\u2019il allait me r\u00e9pondre, mais je voulais l\u2019entendre dire: \u201c<em>c\u2019est une volont\u00e9 des clients, vous savez y\u2019a toujours du pour et du contre, pour l\u2019emploi c\u2019est mieux<\/em>\u201c\u2026<\/p>\n<p>Beaucoup d\u2019\u00e9l\u00e9ments dans cette r\u00e9ponse qui en disent long sur les  contradictions de cette soci\u00e9t\u00e9 et comment les fondements sur lesquelles  elle repose font que ces contradictions ne peuvent que se perp\u00e9tuer:  les clients veulent conserver \u201cleur\u201d place de parking, donc pouvoir  venir en voiture faire leur \u201ccourse bio\u201d. Ils persistent donc dans  l\u2019utilisation d\u2019un transport polluant br\u00fblant du p\u00e9trole tout en  consommant une alimentation qui g\u00e9n\u00e9ralis\u00e9e devrait n\u00e9cessairement aller  contre cette soci\u00e9t\u00e9 du p\u00e9trole. Le beurre et l\u2019argent du beurre donc,  et le sourire de la fermi\u00e8re\u2026 jusqu\u2019\u00e0 quand boufferons-nous \u201cbio\u201d tout  en roulant en bagnole? Les agrocarburants, dont la quantit\u00e9 alimentaire  utilis\u00e9e pour un plein de voiture permettrait de nourrir un enfant  pendant un an, amorceront-t-ils une prise de conscience et un changement  de comportement? Certainement pas! Les m\u00eames continueront \u00e0 se doter  des meilleurs produits et \u00e0 lutter pour en disposer tout en s\u2019accrochant  obstin\u00e9ment \u00e0 tout acquis propice \u00e0 la bagnole et aux avantages qu\u2019elle  leur procure\u2026 et aux d\u00e9savantages qu\u2019elle cause \u00e0 tous.<\/p>\n<p>Et puis, \u00e7a cr\u00e9e de l\u2019emploi: \u201cnon \u00e0 la fermeture d\u2019Opel Anvers\u201d\u2026 et \u00e0 celle de toutes les usines productrices de bagnoles.<\/p>\n<p>L\u2019engrenage ne semble pas pouvoir s\u2019arr\u00eater.\u00a0 Et plus il fonctionne,  plus l\u2019\u00e9go\u00efsme se fait plus grand, car une de ses \u00e9nergies est bien le  \u201cchacun pour soi\u201d.<\/p>\n<p>A.P<\/p>\n<p><a title=\"http:\/\/www.espritcritique.be\/\" href=\"http:\/\/www.espritcritique.be\/\" target=\"_blank\">http:\/\/www.espritcritique.be\/<\/a><\/p>\n","protected":false},"excerpt":{"rendered":"<p>Ce pourrait \u00eatre ailleurs, ce pourrait \u00eatre partout. J\u2019entrais il y a quelques jours dans une \u00e9picerie \u201cBio\u201d pour y faire quelques emplettes, faussement \u00e9tonn\u00e9 d\u2019y voir coller \u00e0 la <a class=\"more-link\" href=\"https:\/\/carfree.fr\/index.php\/2012\/04\/05\/le-bio-et-la-bagnole-ny-voyez-aucune-contradiction\/\">Lire la suite&#8230;<\/a><\/p>\n","protected":false},"author":261,"featured_media":17217,"comment_status":"open","ping_status":"open","sticky":false,"template":"","format":"standard","meta":[],"categories":[73],"tags":[185,887,11,249,44,19,215,338],"views":10321,"_links":{"self":[{"href":"https:\/\/carfree.fr\/index.php\/wp-json\/wp\/v2\/posts\/17216"}],"collection":[{"href":"https:\/\/carfree.fr\/index.php\/wp-json\/wp\/v2\/posts"}],"about":[{"href":"https:\/\/carfree.fr\/index.php\/wp-json\/wp\/v2\/types\/post"}],"author":[{"embeddable":true,"href":"https:\/\/carfree.fr\/index.php\/wp-json\/wp\/v2\/users\/261"}],"replies":[{"embeddable":true,"href":"https:\/\/carfree.fr\/index.php\/wp-json\/wp\/v2\/comments?post=17216"}],"version-history":[{"count":0,"href":"https:\/\/carfree.fr\/index.php\/wp-json\/wp\/v2\/posts\/17216\/revisions"}],"wp:featuredmedia":[{"embeddable":true,"href":"https:\/\/carfree.fr\/index.php\/wp-json\/"}],"wp:attachment":[{"href":"https:\/\/carfree.fr\/index.php\/wp-json\/wp\/v2\/media?parent=17216"}],"wp:term":[{"taxonomy":"category","embeddable":true,"href":"https:\/\/carfree.fr\/index.php\/wp-json\/wp\/v2\/categories?post=17216"},{"taxonomy":"post_tag","embeddable":true,"href":"https:\/\/carfree.fr\/index.php\/wp-json\/wp\/v2\/tags?post=17216"}],"curies":[{"name":"wp","href":"https:\/\/api.w.org\/{rel}","templated":true}]}}