{"id":17484,"date":"2012-05-16T07:47:23","date_gmt":"2012-05-16T06:47:23","guid":{"rendered":"http:\/\/carfree.fr\/?p=17484"},"modified":"2022-08-24T14:31:38","modified_gmt":"2022-08-24T13:31:38","slug":"5-astuces-pour-ne-pas-se-faire-voler-son-velo","status":"publish","type":"post","link":"https:\/\/carfree.fr\/index.php\/2012\/05\/16\/5-astuces-pour-ne-pas-se-faire-voler-son-velo\/","title":{"rendered":"5 astuces pour ne pas se faire voler son v\u00e9lo"},"content":{"rendered":"<p>TerraEco.Net vient de publier un tr\u00e8s bon article sur ce sujet, <a href=\"http:\/\/www.terraeco.net\/Comment-ne-pas-se-faire-voler-son,43672.html\" target=\"_blank\" rel=\"noopener\">comment ne pas se faire voler son v\u00e9lo en cinq le\u00e7ons<\/a>, int\u00e9ressant. <!--more--><\/p>\n<p>Gen\u00e8ve vient de publier les derniers chiffres, entre 2010 et 2011, le  nombre de v\u00e9los a augment\u00e9 de 30%, et tant mieux! Nous venons  d\u2019ailleurs de f\u00eater le succ\u00e8s de l\u2019anniversaire de l\u2019initiative 144  accept\u00e9e le 15 mai 2012 qui demande d\u2019am\u00e9nager plus de pistes cyclables  dans le canton de Gen\u00e8ve.<\/p>\n<p>Rouler \u00e0 v\u00e9lo, c\u2019est bien, mais se le faire voler, non.<\/p>\n<p>Nous vous proposons ici quelques astuces personnelles qui se sont, pour l\u2019instant, av\u00e9r\u00e9es efficaces.<\/p>\n<p><strong>1. 10%<\/strong><\/p>\n<p>On dit que le cadenas doit co\u00fbter le 10% de la valeur de son v\u00e9lo.  Pour un v\u00e9lo qui a co\u00fbt\u00e9 500.-, un cadenas de 50.- peut suffire.<\/p>\n<p>Personnellement, je pr\u00e9f\u00e8re investir dans un bon cadenas, m\u00eame cher,  pour s\u2019\u00e9viter de devoir contacter la police \/ son assurance \/ un  revendeur de v\u00e9los.<\/p>\n<p>Le cadenas le plus efficace, un Abus Lock, et \u00e9galement le plus pratique, est certainement celui-ci:<\/p>\n<p><img decoding=\"async\" loading=\"lazy\" title=\"abubordolock\" src=\"http:\/\/carfree.fr\/images\/abubordolock.jpg\" alt=\"\" width=\"270\" height=\"251\" \/><\/p>\n<p><strong>2. Flash<\/strong><\/p>\n<p>Plus le cadenas est visible, flash, plus il d\u00e9couragera les voleurs.  Un cadenas rouge, jaune, sera visible de loin, et, psychologiquement,  repoussera les voleurs. Simple.<\/p>\n<p><strong>3. Multi<\/strong><\/p>\n<p>Pr\u00e9voir 2 cadenas pour son v\u00e9lo, un pour son cadre-roue  arri\u00e8re-poteau, et un pour sa roue avant-cadre, est une excellente id\u00e9e,  pour deux raisons: cela vous \u00e9vite de vous faire voler une pi\u00e8ce,  souvent assez ch\u00e8re, et ceci d\u00e9courage les voleurs puisqu\u2019ils devront  passer 2x plus de temps sur votre v\u00e9lo.<\/p>\n<p>Rappelons que les voleurs pr\u00e9f\u00e8rent agir vite pour ne pas prendre de  risques; deux cadenas les ralentiront. Et encore mieux, les deux cadenas  devraient \u00eatre diff\u00e9rents, ce qui demandera certainement un outillage  adapt\u00e9.<\/p>\n<p><strong>4. Temps<\/strong><\/p>\n<p>Le temps, c\u2019est de l\u2019argent. L\u00e0, le temps, c\u2019est le v\u00e9lo.<\/p>\n<p>Plus longtemps le v\u00e9lo est parqu\u00e9, plus il a de probabilit\u00e9s d\u2019\u00eatre  vol\u00e9, puisque les voleurs auront tout le loisir de le rep\u00e9rer et de se  pr\u00e9parer pour leur larcin. Si vous devez laisser votre v\u00e9lo plusieurs  jours dehors, pr\u00e9voyez plut\u00f4t une autre alternative: le parquer chez un  ami, ailleurs?<\/p>\n<p><strong>5. Biceps<\/strong><\/p>\n<p>Certainement le meilleur moyen de ne pas se faire voler son v\u00e9lo,  peut-\u00eatre le moins pratique mais en tout cas le plus efficace, c\u2019est  encore de ne pas le l\u00e2cher!<\/p>\n<p>Si vous \u00eates, comme moi, attach\u00e9 \u00e0 votre <em>petite reine<\/em> (j\u2019adore cette expression) emmenez-la partout avec vous. Portez votre v\u00e9lo chez vos amis, rentrez-le dans les magasins, la poste, etc, <strong>SURTOUT<\/strong> si aucun rack n\u2019a \u00e9t\u00e9 pr\u00e9vu pour les v\u00e9los, malheureusement trop  souvent le cas en Suisse Romande. En Suisse Al\u00e9manique, c\u2019est bien  souvent le contraire\u2026<\/p>\n<p>Et vous, avez-vous d\u2019autre conseils \u00e0 proposer?<\/p>\n","protected":false},"excerpt":{"rendered":"<p>TerraEco.Net vient de publier un tr\u00e8s bon article sur ce sujet, comment ne pas se faire voler son v\u00e9lo en cinq le\u00e7ons, int\u00e9ressant.<\/p>\n","protected":false},"author":238,"featured_media":36013,"comment_status":"open","ping_status":"open","sticky":false,"template":"","format":"standard","meta":[],"categories":[7],"tags":[1709,28,646,467,215,105,1664,648,809,1322],"views":86344,"_links":{"self":[{"href":"https:\/\/carfree.fr\/index.php\/wp-json\/wp\/v2\/posts\/17484"}],"collection":[{"href":"https:\/\/carfree.fr\/index.php\/wp-json\/wp\/v2\/posts"}],"about":[{"href":"https:\/\/carfree.fr\/index.php\/wp-json\/wp\/v2\/types\/post"}],"author":[{"embeddable":true,"href":"https:\/\/carfree.fr\/index.php\/wp-json\/wp\/v2\/users\/238"}],"replies":[{"embeddable":true,"href":"https:\/\/carfree.fr\/index.php\/wp-json\/wp\/v2\/comments?post=17484"}],"version-history":[{"count":0,"href":"https:\/\/carfree.fr\/index.php\/wp-json\/wp\/v2\/posts\/17484\/revisions"}],"wp:featuredmedia":[{"embeddable":true,"href":"https:\/\/carfree.fr\/index.php\/wp-json\/wp\/v2\/media\/36013"}],"wp:attachment":[{"href":"https:\/\/carfree.fr\/index.php\/wp-json\/wp\/v2\/media?parent=17484"}],"wp:term":[{"taxonomy":"category","embeddable":true,"href":"https:\/\/carfree.fr\/index.php\/wp-json\/wp\/v2\/categories?post=17484"},{"taxonomy":"post_tag","embeddable":true,"href":"https:\/\/carfree.fr\/index.php\/wp-json\/wp\/v2\/tags?post=17484"}],"curies":[{"name":"wp","href":"https:\/\/api.w.org\/{rel}","templated":true}]}}