{"id":17558,"date":"2012-05-24T16:07:36","date_gmt":"2012-05-24T15:07:36","guid":{"rendered":"http:\/\/carfree.fr\/?p=17558"},"modified":"2025-03-04T21:37:36","modified_gmt":"2025-03-04T20:37:36","slug":"la-miecyclette","status":"publish","type":"post","link":"https:\/\/carfree.fr\/index.php\/2012\/05\/24\/la-miecyclette\/","title":{"rendered":"La Miecyclette"},"content":{"rendered":"<p><img decoding=\"async\" loading=\"lazy\" title=\"mie-cyclette\" src=\"http:\/\/carfree.fr\/images\/mie-cyclette.jpg\" alt=\"\" width=\"420\" height=\"200\" \/><\/p>\n<p>La Miecyclette est une boulangerie-p\u00e2tisserie biologique avec livraison en v\u00e9lo-cargo \u00e0 Lyon et dans ses environs. L\u2019activit\u00e9 principale est la fabrication et la distribution de pains au levain naturel sous la forme de miche de 1 kg pouvant \u00eatre tranch\u00e9es \u00e0 la demande des clients. <!--more--><\/p>\n<p>Pour aller jusqu\u2019au bout de la d\u00e9marche environnementale, La Mie Cyclette a imagin\u00e9 de livrer le pain biologique en v\u00e9lo-triporteur \u00e0 assistance \u00e9lectrique aupr\u00e8s de restaurants, magasins biologiques, groupements d\u2019achats de particuliers, et collectivit\u00e9s.<\/p>\n<p>Depuis janvier 2011, 3 coop\u00e9rateurs travaillent activement sur ce projet, un ancien prof et deux ing\u00e9nieurs: rencontre des financeurs, r\u00e9am\u00e9nagement d\u2019un local dans le 8\u00e8me arrondissement de Lyon, acquisition d\u2019un four \u00e0 bois en octobre dernier\u2026<\/p>\n<p>Le d\u00e9but des livraisons \u00e0 v\u00e9lo a commenc\u00e9 en f\u00e9vrier 2012 avec un fournil<br \/>\net un magasin ouvert en fin de journ\u00e9e dans le 8\u00e8me arrondissement.<\/p>\n<p>Le pain est pr\u00e9par\u00e9 de mani\u00e8re artisanale: levain naturel, p\u00e9trissage \u00e0 la main et cuisson au four \u00e0 bois. Afin de garantir l\u2019ensemble de leur d\u00e9marche, ils ont obtenu les labels Nature &amp; Progr\u00e8s et Agriculture Biologique (AB).<\/p>\n<p><img decoding=\"async\" loading=\"lazy\" title=\"equipe-miecyclette\" src=\"http:\/\/carfree.fr\/images\/equipe-miecyclette.jpg\" alt=\"\" width=\"350\" height=\"350\" \/><\/p>\n<p>Concernant l\u2019organisation de l\u2019activit\u00e9, le boulanger-p\u00e2tissier, Rachid Djafar, s\u2019occupe de la production et deux livreurs, Emmanuel Tissier et Christophe Savigny, s\u2019occupent de la distribution et de l\u2019administratif. L\u2019objectif est d\u2019arriver \u00e0 terme \u00e0 une rotation des t\u00e2ches via la formation de chacun, ceci afin d\u2019\u00e9viter une trop forte sp\u00e9cialisation n\u00e9faste au processus de d\u00e9cision coop\u00e9ratif.<\/p>\n<p>Les v\u00e9los de livraison utilis\u00e9s sont de type v\u00e9lo-cargo \u00e0 assistance \u00e9lectrique. Ces v\u00e9los \u00e0 grand volume de chargement permettent d\u2019effectuer de grandes tourn\u00e9es de livraison. Un bel exemple de <a title=\"http:\/\/carfree.fr\/index.php\/2013\/12\/21\/velogistique\/\" href=\"http:\/\/carfree.fr\/index.php\/2013\/12\/21\/velogistique\/\" target=\"_blank\" rel=\"noopener\">v\u00e9logistique !<\/a><\/p>\n<p>L\u2019\u00e9nergie pour charger les v\u00e9los est \u00e9cologique gr\u00e2ce au choix d\u2019Enercoop comme fournisseur coop\u00e9ratif d\u2019\u00e9lectricit\u00e9 renouvelable.<\/p>\n<p>Une vente directe est \u00e9galement organis\u00e9e au local de fabrication du lundi au vendredi de 16h30 \u00e0 19h.<\/p>\n<p><a title=\"http:\/\/www.lamiecyclette.fr\/\" href=\"http:\/\/www.lamiecyclette.fr\/\" target=\"_blank\" rel=\"noopener\">http:\/\/www.lamiecyclette.fr\/<\/a><\/p>\n","protected":false},"excerpt":{"rendered":"<p>La Miecyclette est une boulangerie-p\u00e2tisserie biologique avec livraison en v\u00e9lo-cargo \u00e0 Lyon et dans ses environs. L\u2019activit\u00e9 principale est la fabrication et la distribution de pains au levain naturel sous <a class=\"more-link\" href=\"https:\/\/carfree.fr\/index.php\/2012\/05\/24\/la-miecyclette\/\">Lire la suite&#8230;<\/a><\/p>\n","protected":false},"author":1721,"featured_media":17559,"comment_status":"open","ping_status":"open","sticky":false,"template":"","format":"standard","meta":[],"categories":[4,7],"tags":[62,646,60,719,158,757,164,524,1664,1065,1587,809],"views":7964,"_links":{"self":[{"href":"https:\/\/carfree.fr\/index.php\/wp-json\/wp\/v2\/posts\/17558"}],"collection":[{"href":"https:\/\/carfree.fr\/index.php\/wp-json\/wp\/v2\/posts"}],"about":[{"href":"https:\/\/carfree.fr\/index.php\/wp-json\/wp\/v2\/types\/post"}],"author":[{"embeddable":true,"href":"https:\/\/carfree.fr\/index.php\/wp-json\/wp\/v2\/users\/1721"}],"replies":[{"embeddable":true,"href":"https:\/\/carfree.fr\/index.php\/wp-json\/wp\/v2\/comments?post=17558"}],"version-history":[{"count":0,"href":"https:\/\/carfree.fr\/index.php\/wp-json\/wp\/v2\/posts\/17558\/revisions"}],"wp:featuredmedia":[{"embeddable":true,"href":"https:\/\/carfree.fr\/index.php\/wp-json\/"}],"wp:attachment":[{"href":"https:\/\/carfree.fr\/index.php\/wp-json\/wp\/v2\/media?parent=17558"}],"wp:term":[{"taxonomy":"category","embeddable":true,"href":"https:\/\/carfree.fr\/index.php\/wp-json\/wp\/v2\/categories?post=17558"},{"taxonomy":"post_tag","embeddable":true,"href":"https:\/\/carfree.fr\/index.php\/wp-json\/wp\/v2\/tags?post=17558"}],"curies":[{"name":"wp","href":"https:\/\/api.w.org\/{rel}","templated":true}]}}