{"id":17603,"date":"2012-05-31T13:17:31","date_gmt":"2012-05-31T12:17:31","guid":{"rendered":"http:\/\/carfree.fr\/?p=17603"},"modified":"2016-09-05T12:36:31","modified_gmt":"2016-09-05T11:36:31","slug":"les-envahisseurs-sont-parmi-nous","status":"publish","type":"post","link":"https:\/\/carfree.fr\/index.php\/2012\/05\/31\/les-envahisseurs-sont-parmi-nous\/","title":{"rendered":"Les envahisseurs sont parmi nous"},"content":{"rendered":"<p>Ils sont l\u00e0, \u00e0 peine visibles au premier abord, et pourtant bien l\u00e0. Quand on s\u2019y attarde, on ne voit plus qu\u2019eux. Comme une mauvaise herbe qui polluerait nos campagnes, ils s\u2019attaquent davantage \u00e0 la ville. Ils y sont bien, et nous ne sommes pas pr\u00eats \u00e0 les d\u00e9loger. Ils se reproduisent \u00e0 vitesse fulgurante, grignotant un peu plus tous les jours notre espace vital. Ils r\u00e9sistent \u00e0 toutes les intemp\u00e9ries, tous les virus, tous les cataclysmes. Pour se d\u00e9fendre, ils ont d\u00e9j\u00e0 bless\u00e9. Leur force: s\u2019implanter doucement, discr\u00e8tement, dans notre quotidien sans qu\u2019on s\u2019en aper\u00e7oive. <!--more--><\/p>\n<p>Ouvrez les yeux, vous finirez bien par les voir.<\/p>\n<p><img decoding=\"async\" loading=\"lazy\" src=\"http:\/\/carfree.fr\/images\/envahisseurs2.jpg\" alt=\"\" width=\"420\" height=\"197\" \/><\/p>\n<p><img decoding=\"async\" loading=\"lazy\" src=\"http:\/\/carfree.fr\/images\/envahisseurs3.jpg\" alt=\"\" width=\"420\" height=\"192\" \/><\/p>\n<p><img decoding=\"async\" loading=\"lazy\" src=\"http:\/\/carfree.fr\/images\/envahisseurs4.jpg\" alt=\"\" width=\"420\" height=\"191\" \/><\/p>\n<p><img decoding=\"async\" loading=\"lazy\" src=\"http:\/\/carfree.fr\/images\/envahisseurs5.jpg\" alt=\"\" width=\"420\" height=\"296\" \/><\/p>\n<p><img decoding=\"async\" loading=\"lazy\" src=\"http:\/\/carfree.fr\/images\/envahisseurs6.jpg\" alt=\"\" width=\"420\" height=\"291\" \/><\/p>\n<p>LES ENVAHISSEURS SONT PARMI NOUS !!<\/p>\n<p>Lire la suite: <a title=\"http:\/\/benlem2.canalblog.com\/\" href=\"http:\/\/benlem2.canalblog.com\/\" target=\"_blank\">http:\/\/benlem2.canalblog.com\/<\/a><\/p>\n","protected":false},"excerpt":{"rendered":"<p>Ils sont l\u00e0, \u00e0 peine visibles au premier abord, et pourtant bien l\u00e0. Quand on s\u2019y attarde, on ne voit plus qu\u2019eux. Comme une mauvaise herbe qui polluerait nos campagnes, <a class=\"more-link\" href=\"https:\/\/carfree.fr\/index.php\/2012\/05\/31\/les-envahisseurs-sont-parmi-nous\/\">Lire la suite&#8230;<\/a><\/p>\n","protected":false},"author":1390,"featured_media":37321,"comment_status":"open","ping_status":"open","sticky":false,"template":"","format":"standard","meta":[],"categories":[73,9],"tags":[146,846,135,704,101,1664],"views":6118,"_links":{"self":[{"href":"https:\/\/carfree.fr\/index.php\/wp-json\/wp\/v2\/posts\/17603"}],"collection":[{"href":"https:\/\/carfree.fr\/index.php\/wp-json\/wp\/v2\/posts"}],"about":[{"href":"https:\/\/carfree.fr\/index.php\/wp-json\/wp\/v2\/types\/post"}],"author":[{"embeddable":true,"href":"https:\/\/carfree.fr\/index.php\/wp-json\/wp\/v2\/users\/1390"}],"replies":[{"embeddable":true,"href":"https:\/\/carfree.fr\/index.php\/wp-json\/wp\/v2\/comments?post=17603"}],"version-history":[{"count":0,"href":"https:\/\/carfree.fr\/index.php\/wp-json\/wp\/v2\/posts\/17603\/revisions"}],"wp:featuredmedia":[{"embeddable":true,"href":"https:\/\/carfree.fr\/index.php\/wp-json\/wp\/v2\/media\/37321"}],"wp:attachment":[{"href":"https:\/\/carfree.fr\/index.php\/wp-json\/wp\/v2\/media?parent=17603"}],"wp:term":[{"taxonomy":"category","embeddable":true,"href":"https:\/\/carfree.fr\/index.php\/wp-json\/wp\/v2\/categories?post=17603"},{"taxonomy":"post_tag","embeddable":true,"href":"https:\/\/carfree.fr\/index.php\/wp-json\/wp\/v2\/tags?post=17603"}],"curies":[{"name":"wp","href":"https:\/\/api.w.org\/{rel}","templated":true}]}}