{"id":17704,"date":"2012-06-14T14:09:04","date_gmt":"2012-06-14T13:09:04","guid":{"rendered":"http:\/\/carfree.fr\/?p=17704"},"modified":"2021-11-03T10:04:15","modified_gmt":"2021-11-03T09:04:15","slug":"renault-veut-recharger-ses-batteries-avec-notre-fric","status":"publish","type":"post","link":"https:\/\/carfree.fr\/index.php\/2012\/06\/14\/renault-veut-recharger-ses-batteries-avec-notre-fric\/","title":{"rendered":"Renault veut recharger ses batteries (avec notre fric)"},"content":{"rendered":"<p><img decoding=\"async\" loading=\"lazy\" title=\"carlos-ghosn\" src=\"http:\/\/carfree.fr\/images\/carlos-ghosn1.jpg\" alt=\"\" width=\"420\" height=\"200\" \/><\/p>\n<p>Incroyable! Le groupe Renault est en train de d\u00e9passer tout ce que l&rsquo;on pouvait imaginer en mati\u00e8re de foutage de gueule. <!--more--><\/p>\n<p>Rappelez-vous en 2008, c&rsquo;\u00e9tait d\u00e9j\u00e0 la crise et Renault appelait l&rsquo;Etat fran\u00e7ais \u00e0 l&rsquo;aide, qui lui accordait g\u00e9n\u00e9reusement un pr\u00eat sans int\u00e9r\u00eats de 4 milliards d&rsquo;euros. Puis, toujours avec nos imp\u00f4ts, l&rsquo;Etat mettait en place la prime \u00e0 la casse pour un co\u00fbt total de 1 milliard d&rsquo;euros et ensuite le bonus-malus qui a cout\u00e9 \u00e0 ce jour plus de 1,2 milliard d&rsquo;euros. L&rsquo;Etat accordait m\u00eame 400 millions d&rsquo;euros de rab pour d\u00e9velopper la \u00ab\u00a0voiture \u00e9lectrique fran\u00e7aise\u00a0\u00bb. Et on ne parle m\u00eame pas des <a title=\"http:\/\/carfree.fr\/index.php\/2012\/02\/16\/des-bagnoles-ou-des-ecoles\/\" href=\"http:\/\/carfree.fr\/index.php\/2012\/02\/16\/des-bagnoles-ou-des-ecoles\/\" target=\"_blank\">multiples aides financi\u00e8res<\/a>, pr\u00eats et autres subventions des collectivit\u00e9s locales qui ont l&rsquo;insigne honneur d&rsquo;avoir un site de production Renault encore en activit\u00e9, plus ou moins partielle, sur leur territoire!<\/p>\n<p>Et qu&rsquo;ont-ils fait de tout ce fric? Ils ont construit une usine \u00e0 Tanger au Maroc! Ils viennent mendier l&rsquo;argent des imp\u00f4ts pour aller ensuite d\u00e9localiser la production \u00e0 l&rsquo;\u00e9tranger&#8230; il faut croire que le chien mord parfois la main de celui qui le nourrit&#8230;<\/p>\n<p>Puis ils ont \u00ab\u00a0d\u00e9velopp\u00e9 la voiture \u00e9lectrique\u00a0\u00bb, sauf que <a title=\"http:\/\/carfree.fr\/index.php\/2012\/06\/07\/le-crash-de-la-voiture-electrique\/\" href=\"http:\/\/carfree.fr\/index.php\/2012\/06\/07\/le-crash-de-la-voiture-electrique\/\" target=\"_blank\">personne n&rsquo;en veut<\/a> de leurs voitures \u00e9lectriques tr\u00e8s ch\u00e8res, sans autonomie et d\u00e9sastreuses pour l&rsquo;environnement! En plus, ils ont eu le culot de sortir en 2011 un Kangoo \u00e9lectrique qui ressemble comme deux gouttes d&rsquo;eau au Kangoo \u00e9lectrique de 2002, mais <a title=\"http:\/\/carfree.fr\/index.php\/2010\/09\/30\/renault-sauve-la-planete\/\" href=\"http:\/\/carfree.fr\/index.php\/2010\/09\/30\/renault-sauve-la-planete\/\" target=\"_blank\">10.000 euros plus cher<\/a>!<\/p>\n<p>Et enfin, ils ont vers\u00e9 \u00e0 Carlos Ghosn en 2009, le patron du groupe Renault, <a title=\"http:\/\/carfree.fr\/index.php\/2010\/12\/17\/de-la-legitimite-dun-salaire-astronomique\/\" href=\"http:\/\/carfree.fr\/index.php\/2010\/12\/17\/de-la-legitimite-dun-salaire-astronomique\/\" target=\"_blank\">le plus gros salaire des patrons du CAC 40<\/a>, \u00e0 savoir 9,2 millions d&rsquo;euros&#8230; Et tous les cadres dirigeants de Renault <a title=\"http:\/\/carfree.fr\/index.php\/2010\/03\/15\/les-dirigeants-de-renault-saugmentent-allegrement\/\" href=\"http:\/\/carfree.fr\/index.php\/2010\/03\/15\/les-dirigeants-de-renault-saugmentent-allegrement\/\" target=\"_blank\">se sont servi au passage<\/a>!<\/p>\n<p>Et aujourd&rsquo;hui, ils constatent qu&rsquo;ils n&rsquo;arrivent toujours pas \u00e0 les vendre leurs bagnoles! Qu&rsquo;elles soient \u00e9lectriques ou thermiques, les gens n&rsquo;en veulent plus! Trop cher (malgr\u00e9 les multiples aides \u00e0 l&rsquo;achat pay\u00e9es avec nos imp\u00f4ts), pas pratique, impossible \u00e0 garer, fatiguant et stressant, polluant et dangereux, etc.<\/p>\n<p>Alors que font-ils? Ils redemandent de l&rsquo;argent public bien s\u00fbr! Carlos Tavares, le num\u00e9ro 2 de Renault a ainsi \u00ab\u00a0<em>appel\u00e9 de ses v\u0153ux un soutien du march\u00e9 fran\u00e7ais et europ\u00e9en<\/em>\u00ab\u00a0, de la part de l&rsquo;Etat \u00e9videmment! Et le m\u00eame d&rsquo;ajouter: \u00ab\u00a0<em>Jusqu&rsquo;\u00e0 quel niveau peut-on laisser tomber le march\u00e9?<\/em>\u00a0\u00bb<\/p>\n<p>Ah bon, le \u00ab\u00a0march\u00e9\u00a0\u00bb ne s&rsquo;auto-r\u00e9gule pas tout seul? L&rsquo;Etat est-il l\u00e0 pour emp\u00eacher le march\u00e9 de sombrer? C&rsquo;est quand m\u00eame incroyable, les m\u00eames qui n&rsquo;ont de cesse d&rsquo;accuser le poids de l&rsquo;Etat dans l&rsquo;\u00e9conomie, sont les premiers \u00e0 r\u00e9clamer son intervention d\u00e8s que le march\u00e9 donne des signes d&rsquo;essoufflement.<\/p>\n<p>Par contre, d\u00e8s que les profits sont au rendez-vous, il faut surtout que l&rsquo;Etat \u00ab\u00a0d\u00e9gage du march\u00e9\u00a0\u00bb et laisse le priv\u00e9 faire des affaires. Mais il faudrait qu&rsquo;on paye avec nos imp\u00f4ts leurs pertes financi\u00e8res et leurs investissements dans des usines d\u00e9localis\u00e9es \u00e0 l&rsquo;\u00e9tranger?<\/p>\n<p><strong>De la \u00ab\u00a0frugalit\u00e9 heureuse\u00a0\u00bb \u00e0 la \u00ab\u00a0frugalit\u00e9 ing\u00e9nieuse\u00a0\u00bb&#8230;<\/strong><\/p>\n<p>Mais attendez, le plus dr\u00f4le est \u00e0 venir. Car, les dirigeants de Renault ne se contentent pas de r\u00e9clamer l&rsquo;aide de l&rsquo;Etat, ils proposent aussi un programme d&rsquo;\u00e9conomies en interne, baptis\u00e9 pompeusement la \u00ab\u00a0frugalit\u00e9 ing\u00e9nieuse\u00a0\u00bb&#8230;<\/p>\n<p>On connaissait la \u00ab\u00a0frugalit\u00e9 heureuse\u00a0\u00bb, d\u00e9marche issue du mouvement d\u00e9croissant et qui vise \u00e0 vivre bien et mieux en vivant avec moins. Renault invente la \u00ab\u00a0frugalit\u00e9 ing\u00e9nieuse\u00a0\u00bb qui incite tous les salari\u00e9s \u00e0 \u00ab\u00a0proposer des \u00e9conomies\u00a0\u00bb&#8230; On ne sait pas si les \u00e9conomies vont porter sur les salaires, mais les pressions (sur les salaires) risquent elles d&rsquo;augmenter avec la mise en place de l&rsquo;usine de Tanger. Vu le salaire moyen marocain, les salari\u00e9s fran\u00e7ais ont int\u00e9r\u00eat \u00e0 devenir rapidement des adeptes de la \u00ab\u00a0frugalit\u00e9 ing\u00e9nieuse\u00a0\u00bb, sous peine de conna\u00eetre la frugalit\u00e9 tout court, et m\u00eame pas heureuse!<\/p>\n<p>D&rsquo;ailleurs, le num\u00e9ro 2 de Renault, Carlos Tavares lui-m\u00eame, a d\u00e9j\u00e0 commenc\u00e9, sans rire, \u00e0 donner l&rsquo;exemple: \u00ab\u00a0<em>lors d&rsquo;un r\u00e9cent d\u00e9placement avec des analystes financiers sur le site de Tanger au Maroc, il a pris un vol \u00ab\u00a0low cost\u00a0\u00bb d&rsquo;EasyJet \u00e0 l&rsquo;aller et de Ryanair au retour&#8230;<\/em>\u00a0\u00bb Si c&rsquo;est pas de la frugalit\u00e9 \u00e7a! En tout cas, qu&rsquo;est-ce que c&rsquo;est ing\u00e9nieux!<\/p>\n<p>L&rsquo;histoire ne dit pas si Carlos Ghosn et les dirigeants de Renault comptent aussi mettre leurs salaires \u00e0 l&rsquo;heure de la \u00ab\u00a0frugalit\u00e9 ing\u00e9nieuse\u00a0\u00bb&#8230;<\/p>\n<p><strong>Renault ou la strat\u00e9gie de l&rsquo;\u00e9chec industriel<\/strong><\/p>\n<p>Ce qui est s\u00fbr, c&rsquo;est que Renault a, sous l&rsquo;impulsion de Carlos Gohsn, tout mis\u00e9 sur le d\u00e9veloppement de la voiture \u00e9lectrique. Quand les autres constructeurs \u00e9taient perplexes pour ne pas dire attentistes, Renault s&rsquo;est pr\u00e9sent\u00e9 d\u00e8s 2008 comme le leader de la \u00ab\u00a0voiture \u00e9lectrique fran\u00e7aise\u00a0\u00bb ayant vocation \u00e0 devenir bien entendu leader mondial de la voiture \u00e9lectrique.<\/p>\n<p>Patatras, 4 ans apr\u00e8s, c&rsquo;est la b\u00e9r\u00e9zina! Carlos Ghosn s&rsquo;\u00e9tait donn\u00e9 en 2008 comme objectif de vendre 60 \u00e0 100.000 voitures \u00e9lectriques en 2012. R\u00e9sultat: il s&rsquo;est vendu en 2011, toutes marques confondues, 2.600 voitures \u00e9lectriques seulement et 1.600 seulement depuis janvier 2012&#8230; Combien de voitures \u00e9lectriques Renault dans ces chiffres mirobolants?<\/p>\n<p>Vous allez me dire, c\u2019est la faute des m\u00e9chants p\u00e9troliers ou de l\u2019Etat  et sa TIPP, du \u00ab\u00a0complot mondial contre la voiture \u00e9lectrique\u00a0\u00bb, etc.  Bien s\u00fbr\u2026<\/p>\n<p>Toujours est-il que cette fili\u00e8re engloutit des dizaines ou centaines  de milliards d\u2019euros, pour un  r\u00e9sultat \u00e0 ce jour catastrophique! M\u00eame Audi vient d\u2019annoncer qu\u2019ils  abandonnaient la voiture \u00e9lectrique car selon eux, \u00ab\u00a0<em>il n\u2019y a pas de  march\u00e9 pour une voiture avec 200 km d\u2019autonomie qui doit se recharger en  une nuit<\/em>\u00ab\u00a0\u2026<\/p>\n<p>Mais nous les Fran\u00e7ais, on est toujours meilleurs que les autres\u2026<\/p>\n<p>L\u2019engouement fran\u00e7ais (politique et priv\u00e9) pour  la voiture \u00e9lectrique est justement \u00ab\u00a0tr\u00e8s fran\u00e7ais\u00a0\u00bb: en-dehors de  toute rationalit\u00e9 \u00e9conomique, la France a l\u2019habitude historique de se  lancer dans de vastes projets industriels plus politiques que r\u00e9ellement  \u00e9conomiques, avec souvent des catastrophes financi\u00e8res \u00e0 l\u2019arriv\u00e9e: le  Concorde, le Rafale, le TGV, l&rsquo;EPR, etc.<\/p>\n<p>Cette propension fran\u00e7aise a \u00e9t\u00e9 maintes fois analys\u00e9e et reste li\u00e9e  fondamentalement au syst\u00e8me technocratique fran\u00e7ais, un syst\u00e8me de  \u00ab\u00a0grands corps d\u2019\u00e9tat\u00a0\u00bb (ENA, Polytechnique, etc.) qui occupent les  postes cl\u00e9 dans le priv\u00e9 et dans l\u2019industrie, aboutissant \u00e0 des projets  industriels pharaoniques sans viabilit\u00e9 financi\u00e8re intrins\u00e8que. Dans le  syst\u00e8me anglo-saxon, rien de tel, les projets industriels sont moins  politiques et sont lanc\u00e9s uniquement si la rentabilit\u00e9 financi\u00e8re  effective est pr\u00e9visible, bref si un march\u00e9 est envisageable.<\/p>\n<p>Carlos Goshn est un polytechnicien&#8230;<\/p>\n","protected":false},"excerpt":{"rendered":"<p>Incroyable! Le groupe Renault est en train de d\u00e9passer tout ce que l&rsquo;on pouvait imaginer en mati\u00e8re de foutage de gueule.<\/p>\n","protected":false},"author":18,"featured_media":17706,"comment_status":"open","ping_status":"open","sticky":false,"template":"","format":"standard","meta":[],"categories":[495,73],"tags":[731,380,85,306,139,330,81,1036,235,1213,1198,363],"views":6270,"_links":{"self":[{"href":"https:\/\/carfree.fr\/index.php\/wp-json\/wp\/v2\/posts\/17704"}],"collection":[{"href":"https:\/\/carfree.fr\/index.php\/wp-json\/wp\/v2\/posts"}],"about":[{"href":"https:\/\/carfree.fr\/index.php\/wp-json\/wp\/v2\/types\/post"}],"author":[{"embeddable":true,"href":"https:\/\/carfree.fr\/index.php\/wp-json\/wp\/v2\/users\/18"}],"replies":[{"embeddable":true,"href":"https:\/\/carfree.fr\/index.php\/wp-json\/wp\/v2\/comments?post=17704"}],"version-history":[{"count":0,"href":"https:\/\/carfree.fr\/index.php\/wp-json\/wp\/v2\/posts\/17704\/revisions"}],"wp:featuredmedia":[{"embeddable":true,"href":"https:\/\/carfree.fr\/index.php\/wp-json\/"}],"wp:attachment":[{"href":"https:\/\/carfree.fr\/index.php\/wp-json\/wp\/v2\/media?parent=17704"}],"wp:term":[{"taxonomy":"category","embeddable":true,"href":"https:\/\/carfree.fr\/index.php\/wp-json\/wp\/v2\/categories?post=17704"},{"taxonomy":"post_tag","embeddable":true,"href":"https:\/\/carfree.fr\/index.php\/wp-json\/wp\/v2\/tags?post=17704"}],"curies":[{"name":"wp","href":"https:\/\/api.w.org\/{rel}","templated":true}]}}