{"id":17773,"date":"2012-06-25T13:00:35","date_gmt":"2012-06-25T12:00:35","guid":{"rendered":"http:\/\/carfree.fr\/?p=17773"},"modified":"2021-01-14T15:40:28","modified_gmt":"2021-01-14T14:40:28","slug":"pierre-cuneo-dircab-de-delphine-batho-et-grand-ami-de-loligarchie","status":"publish","type":"post","link":"https:\/\/carfree.fr\/index.php\/2012\/06\/25\/pierre-cuneo-dircab-de-delphine-batho-et-grand-ami-de-loligarchie\/","title":{"rendered":"Pierre Cun\u00e9o, dir&rsquo;cab de Delphine Batho (et grand ami de l&rsquo;oligarchie)"},"content":{"rendered":"<p><img decoding=\"async\" loading=\"lazy\" title=\"aspen\" src=\"http:\/\/carfree.fr\/images\/aspen.jpg\" alt=\"\" width=\"420\" height=\"200\" \/><\/p>\n<p>Le terrain  est glissant, et je vais donc tenter de bien me tenir aux murs. Comme  vous savez sans doute, Madame Nicole Bricq a \u00e9t\u00e9 remplac\u00e9e au minist\u00e8re  de l\u2019\u00c9cologie par madame Delphine Batho, parachut\u00e9e par S\u00e9gol\u00e8ne Royal  dans sa propre circonscription l\u00e9gislative des Deux-S\u00e8vres, en 2007.  Madame Royal avait en effet d\u00e9cid\u00e9 de ne pas se repr\u00e9senter, et Delphine  Batho devint alors d\u00e9put\u00e9e. Avant d\u2019\u00eatre, ce printemps, sous-ministre  de la Justice, puis ministre de l\u2019\u00c9cologie, \u00e0 la place donc de madame  Bricq. <!--more--><\/p>\n<p>Une simple rumeur, il est vrai insistante, car elle est entre autres  colport\u00e9e par Europe-\u00c9cologie-Les Verts, pr\u00e9tend que madame Bricq aurait  \u00e9t\u00e9 vir\u00e9e pour cause de Shell. Elle aurait contrari\u00e9 les int\u00e9r\u00eats de la  transnationale en suspendant l\u2019autorisation de forages p\u00e9troliers au  large de la Guyane. Je ne dispose d\u2019aucune information exclusive, mais  ceux qui croient cette histoire non plus. En attendant mieux, je n\u2019y  crois gu\u00e8re. Madame Bricq grande \u00e9cologiste, je n\u2019y crois pas du tout.  Je parierai que la v\u00e9rit\u00e9 se trouve ailleurs. Ce qui ne veut certes pas  dire que l\u2019industrie du p\u00e9trole n\u2019a pas jou\u00e9 un r\u00f4le dans cet  embrouillamini.<\/p>\n<p>Passons au sujet du jour. Madame Batho, bien que jeune &#8211; elle est n\u00e9e  en 1973 -, est une redoutable politicienne. Ce qui est d\u2019ailleurs son  droit. Si je m\u2019autorise ce qualificatif de \u00ab redoutable \u00bb, c\u2019est parce  qu\u2019elle vient d\u2019une marmite dont le ma\u00eetre-queux s\u2019appelle Julien Dray.  Elle a \u00e9t\u00e9, \u00e0 l\u2019\u00e2ge de 17 ans, pr\u00e9sidente de la F\u00e9d\u00e9ration ind\u00e9pendante  et d\u00e9mocratique lyc\u00e9enne (FIDL), puis responsable de SOS-Racisme, deux  associations cr\u00e9\u00e9es en fait par Dray pour le compte de son si cher  Fran\u00e7ois Mitterrand. Je sais assez de choses sur les m\u0153urs de ces  structures pour \u00eatre assur\u00e9 que madame Batho conna\u00eet la chanson.  Beaucoup de chansons m\u00eame.<\/p>\n<p>Et voil\u00e0 que j\u2019apprends qu\u2019elle vient de choisir Pierre Cun\u00e9o\u00a0 comme  directeur de cabinet. Inutile de vous dire que je n\u2019ai jamais rencontr\u00e9  cette personne, mais cela n\u2019emp\u00eache pas d\u2019en dire quelques mots. N\u00e9 en  janvier 1975, il a donc 37 ans, et comme il a fait l\u2019ENA et Sciences Po,  comme il est Inspecteur des Finances, on se l\u2019arrache. J\u2019ai entendu  dire qu\u2019il avait re\u00e7u des propositions venant de diff\u00e9rents cabinets  minist\u00e9riels. Il a donc choisi l\u2019\u00c9cologie. Ma foi. Apr\u00e8s avoir travaill\u00e9  pour l\u2019Insee, puis le minist\u00e8re de la D\u00e9fense, il est embauch\u00e9 \u00e0 la SNCF en  2008, au poste de directeur de la Strat\u00e9gie ferroviaire et de la  R\u00e9gulation. La suite est \u00e0 la hauteur: directeur de cabinet du patron  de la SNCF, Guillaume Pepy, il est nomm\u00e9 en 2010 directeur du RER C.<\/p>\n<p>Ne pas oublier l\u2019ann\u00e9e 2007, celle o\u00f9 Sarkozy est \u00e9lu. On ne souhaite  pas trop s\u2019en souvenir chez M.Hollande, mais son ami de toujours,  Jean-Pierre Jouyet, avait accept\u00e9 sans broncher un poste de secr\u00e9taire  d\u2019\u00c9tat aux Affaires europ\u00e9ennes dans le premier gouvernement Fillon.  Pierre Cun\u00e9o \u00e9tait alors devenu le directeur-adjoint de cabinet de  Jouyet, et m\u00eame, d\u2019apr\u00e8s ce que je crois avoir compris, son ami. Fort  bien. Je vous conseille d\u2019\u00e9couter un petit reportage r\u00e9alis\u00e9 par Herv\u00e9  Kempf en janvier dernier, au moment o\u00f9 sortent de table les membres du  grand club d\u2019influence appel\u00e9 <em>Le Si\u00e8cle<\/em>. Je crois pouvoir dire que c\u2019est instructif.<\/p>\n<p>Poursuivons. Cun\u00e9o, haut fonctionnaire pouvant servir, selon les cas,  la droite ou la gauche, est ami de Jean-Pierre Jouyet, lequel peut  servir, de m\u00eame, tout <em>\u00ab le cercle de la raison \u00bb<\/em> cher \u00e0 Alain Minc. Jouyet est un habitu\u00e9 du <em>club du Si\u00e8cle<\/em>, o\u00f9 se retrouvent discr\u00e8tement banquiers, <em>\u00ab grands journalistes \u00bb<\/em>,  politiciens, patrons. Mais il a un autre talent, certes mineur, mais  \u00e9patant tout de m\u00eame: Jouyet est pr\u00e9sident du conseil de surveillance  de l\u2019Institut Aspen France. Et &#8211; quelle surprise ! quelle heureuse  surprise ! -, Pierre Cun\u00e9o est le pr\u00e9sident du directoire de ce m\u00eame  Institut. On est vraiment tr\u00e8s content pour eux. Pour nous, un peu  moins.<\/p>\n<p>Avant de vous livrer un \u00e9l\u00e9ment important sur Aspen France,  laissez-moi pr\u00e9ciser les conditions de naissance de ce charmant machin.  Aspen est une station de ski du Colorado, qui attire depuis bien  longtemps les oligarchies am\u00e9ricaines. Notez, et c\u2019est vrai, qu\u2019on peut  \u00eatre oligarque et m\u00e9lomane, oligarque et amoureux de la peinture, de la  litt\u00e9rature, des arts en g\u00e9n\u00e9ral. Tel fut bien le cas de\u00a0 Walter  Paepcke, le fondateur en 1950 du <em>Aspen Institute of Humanistic Studies<\/em>,  qui deviendrait l\u2019Institut Aspen. Je n\u2019ai ni le temps, ni vraiment le  go\u00fbt d\u2019aller beaucoup plus avant. Cet Institut, qui n\u2019a rien de secret,  je le pr\u00e9cise d\u2019embl\u00e9e, a men\u00e9 depuis 60 ans une permanente campagne  d\u2019influence en faveur des transnationales et de l\u2019<em>American Way of Life<\/em>.  Avec l\u2019aide de pontes d\u00e9mocrates et r\u00e9publicains, et tr\u00e8s probablement  de services officiels, \u00e9ventuellement secrets. Je note par exemple que  madame Paepcke \u00e9tait la s\u0153ur du consid\u00e9rable personnage que fut Paul  Henry Nitze. Ce type a jou\u00e9 un r\u00f4le essentiel dans la d\u00e9finition de la  politique am\u00e9ricaine au d\u00e9but de la Guerre Froide, quand la menace de  guerre nucl\u00e9aire t\u00e9tanisait le monde. Compte tenu de sa place, il n\u2019y a  aucun doute qu\u2019il avait la confiance d\u2019organismes civils comme la CIA,  ou militaires comme la DIA. Peut-\u00eatre davantage.<\/p>\n<p>Vous me direz qu\u2019on s\u2019en fout, \u00e9tant entendu qu\u2019on parle l\u00e0 du fr\u00e8re  de madame Paepcke. C\u2019est juste. Mais Paepcke \u00e9tant mort en 1960, sa  veuve s\u2019est ensuite appuy\u00e9 sur son fr\u00e8re Paul Henry pour continuer  l\u2019\u0153uvre. Et le frangin aura beaucoup donn\u00e9 pour ce qui ressemble  furieusement \u00e0 une entreprise d\u2019influence plan\u00e9taire. Financ\u00e9 par des  fondations comme Rockefeller, Ford ou encore Carnegie, comptant \u00e0 son  bureau des anciennes ministres comme Madeleine Albright ou Condoleezza  Rice, l\u2019Institut organise des s\u00e9minaires, des conf\u00e9rences et raouts,  forme des petites \u00e9lites proches de leurs vues dans quantit\u00e9 de pays du  Sud. Oui, \u00e7a peut toujours servir.<\/p>\n<p>Il existe plusieurs sections nationales de l\u2019Institut Aspen, dont  une, en Inde, que je vous recommande. Dans ce pays qu\u2019on peut dire  martyris\u00e9 par les choix politiques en faveur des transnationales,  l\u2019Institut Aspen local regroupe la fine fleur de l\u2019oligarchie. Sans le cacher le moins du monde &#8211; et pourquoi le ferait-il ? il en est fier ! -, Aspen pr\u00e9sente comme partenaire-cl\u00e9 <em>The Confederation of Indian Industry, <\/em>qui  regroupe les plus grands patrons de l\u2019Inde. Ceux qui sont en train de  tuer ce pays. Ceux qui le vendent. Ceux qui laissent crever les 650 000  villages de l\u2019Inde r\u00e9elle.<\/p>\n<p>Et la France ? Oui, n\u2019oublions pas la France. MM.Jouyet et Cun\u00e9o sont  donc les responsables de l\u2019Institut Aspen France. Et M.Cun\u00e9o s\u2019appr\u00eate \u00e0  jouer un r\u00f4le important au minist\u00e8re de l\u2019\u00c9cologie. C\u2019est tr\u00e8s bien.  C\u2019est d\u2019autant mieux qu\u2019Aspen France, jadis pr\u00e9sid\u00e9 par l\u2019ancien Premier ministre Raymond Barre, a des vues concernant notre avenir commun. Dont <em>\u00ab la compr\u00e9hension de la mondialisation, des contraintes et des opportunit\u00e9s qui en r\u00e9sultent \u00bb, <\/em>comme l\u2019indique son site internet, et <em>\u00ab l\u2019aggiornamento du mod\u00e8le \u00e9conomique, politique et social fran\u00e7ais \u00bb<\/em>.  Oh, oh ! voyez-vous cela. L\u2019aggiornamento. Ces gens, qui sont d\u00e9licats,  n\u2019osent pas dire qu\u2019ils veulent abattre les restes de l\u2019\u00e9difice  construit apr\u00e8s 1944, celui du Conseil National de la R\u00e9sistance. Ils  n\u2019\u00e9criront pas, les malins, qu\u2019ils veulent ouvrir davantage tous les  secteurs encore \u00e9pargn\u00e9s par les pr\u00e9dateurs. Voyons, ne sont-ils pas des  <em>humanistes <\/em>? Une id\u00e9e de leur ton, \u00e0 propos de l\u2019Afrique, tir\u00e9  d\u2019un colloque de 2008 financ\u00e9 par la fondation M\u00e9rieux, c\u2019est-\u00e0-dire  l\u2019industrie pharmaceutique: <em>\u00ab La premi\u00e8re<\/em> [des opportunit\u00e9s] <em>est  que, dans la mondialisation, l\u2019Afrique dispose d\u2019avantages comp\u00e9titifs  consid\u00e9rables : l\u2019espace &#8211; avec un continent quasi vide ; les hommes,  avec un immense r\u00e9servoir de main d\u2019\u0153uvre ; enfin les mati\u00e8res  premi\u00e8res, dont l\u2019Afrique dispose en quantit\u00e9 \u2014 c\u2019est un avantage  comp\u00e9titif et c\u2019est un avantage g\u00e9ostrat\u00e9gique majeur \u00bb.<\/em><\/p>\n<p>Je suis s\u00fbr que cet acc\u00e8s de franchise vous fera plaisir. Et de m\u00eame,  d\u2019apprendre qui fait partie du Conseil de surveillance en 2012. On  trouve dans ce merveilleux ar\u00e9opage des gens comme l\u2019ancien patron des  cimenteries Lafarge, le directeur g\u00e9n\u00e9ral de Saint Gobain, ci-devant  champion de l\u2019amiante, le pr\u00e9sident d\u2019Oddo Corporate Finance, banque  d\u2019investissement et de gestion des capitaux, le g\u00e9rant d\u2019Interfinexa,  conseil en fusion et acquisition d\u2019entreprises, le PDG du laboratoire  BioM\u00e9rieux, le PDG de GDF-Suez &#8211; eau, gaz, \u00e9lectricit\u00e9, nucl\u00e9aire -, le  directeur g\u00e9n\u00e9ral d\u2019Oliver Wyman France, entreprise mondiale de conseil  aux entreprises, etc, etc.<\/p>\n<p>Cerise ultime sur ce g\u00e2teau un poil indigeste : parmi les partenaires  d\u2019Aspen France, outre une bonne partie des entreprises cit\u00e9es plus  haut, on retrouve Total. Notre bonne vieille transnationale \u00e0 nous.  Celle des gaz et p\u00e9troles de schiste. Celle de Christophe de Margerie,  son patron, qui est aussi le cousin par alliance de Jean-Pierre Jouyet,  qui lui a fait rencontrer dans la tranquillit\u00e9 Fran\u00e7ois Hollande. Total,  rappelons-le, c\u2019est la plus grosse bo\u00eete fran\u00e7aise, avec un chiffre  d\u2019affaires atteignant 180 milliards d\u2019euros en 2008. Comme tout  s\u2019arrange au mieux ! Comme on se sent bien en famille ! Cun\u00e9o dirige  Aspen, d\u00e9fenseur intransigeant de l\u2019industrie transnationale, et fait  tourner la petite boutique avec une aide d\u00e9sint\u00e9ress\u00e9e de Total. Le m\u00eame  Cun\u00e9o, devenu directeur de cabinet de la ministre de l\u2019\u00c9cologie, aura  chaque jour le nez sur des affaires en relation avec Total. Le premier  qui parle de conflit d\u2019int\u00e9r\u00eat est un homme mort.<\/p>\n<p>Source: <a title=\"http:\/\/fabrice-nicolino.com\/\" href=\"http:\/\/fabrice-nicolino.com\/\" target=\"_blank\">http:\/\/fabrice-nicolino.com\/<\/a><\/p>\n","protected":false},"excerpt":{"rendered":"<p>Le terrain est glissant, et je vais donc tenter de bien me tenir aux murs. Comme vous savez sans doute, Madame Nicole Bricq a \u00e9t\u00e9 remplac\u00e9e au minist\u00e8re de l\u2019\u00c9cologie <a class=\"more-link\" href=\"https:\/\/carfree.fr\/index.php\/2012\/06\/25\/pierre-cuneo-dircab-de-delphine-batho-et-grand-ami-de-loligarchie\/\">Lire la suite&#8230;<\/a><\/p>\n","protected":false},"author":148,"featured_media":17774,"comment_status":"open","ping_status":"open","sticky":false,"template":"","format":"standard","meta":[],"categories":[52],"tags":[477,1391,84,389,81,177,1063,1352,45,287,1630,155],"views":12237,"_links":{"self":[{"href":"https:\/\/carfree.fr\/index.php\/wp-json\/wp\/v2\/posts\/17773"}],"collection":[{"href":"https:\/\/carfree.fr\/index.php\/wp-json\/wp\/v2\/posts"}],"about":[{"href":"https:\/\/carfree.fr\/index.php\/wp-json\/wp\/v2\/types\/post"}],"author":[{"embeddable":true,"href":"https:\/\/carfree.fr\/index.php\/wp-json\/wp\/v2\/users\/148"}],"replies":[{"embeddable":true,"href":"https:\/\/carfree.fr\/index.php\/wp-json\/wp\/v2\/comments?post=17773"}],"version-history":[{"count":0,"href":"https:\/\/carfree.fr\/index.php\/wp-json\/wp\/v2\/posts\/17773\/revisions"}],"wp:featuredmedia":[{"embeddable":true,"href":"https:\/\/carfree.fr\/index.php\/wp-json\/"}],"wp:attachment":[{"href":"https:\/\/carfree.fr\/index.php\/wp-json\/wp\/v2\/media?parent=17773"}],"wp:term":[{"taxonomy":"category","embeddable":true,"href":"https:\/\/carfree.fr\/index.php\/wp-json\/wp\/v2\/categories?post=17773"},{"taxonomy":"post_tag","embeddable":true,"href":"https:\/\/carfree.fr\/index.php\/wp-json\/wp\/v2\/tags?post=17773"}],"curies":[{"name":"wp","href":"https:\/\/api.w.org\/{rel}","templated":true}]}}