{"id":17776,"date":"2012-06-26T10:51:09","date_gmt":"2012-06-26T09:51:09","guid":{"rendered":"http:\/\/carfree.fr\/?p=17776"},"modified":"2024-08-28T16:03:26","modified_gmt":"2024-08-28T15:03:26","slug":"lile-de-sercq-sans-voitures","status":"publish","type":"post","link":"https:\/\/carfree.fr\/index.php\/2012\/06\/26\/lile-de-sercq-sans-voitures\/","title":{"rendered":"L&rsquo;\u00eele de Sercq sans voitures"},"content":{"rendered":"<p>Huiti\u00e8me \u00e9pisode d&rsquo;une s\u00e9rie consacr\u00e9e aux \u00eeles sans voitures. Vous   souhaitez passer des vacances r\u00e9ellement sans voitures? Vous voulez voir   comment la vie sans voitures est possible? Visitez les \u00eeles sans   voitures! Aujourd&rsquo;hui: L&rsquo;\u00eele de Sercq. <!--more--><\/p>\n<p>Sercq (Sark en Anglais) est une petite \u00eele Anglo-Normande, de 5,4 km2, situ\u00e9e dans la Manche, tr\u00e8s proche de Guernesey. Sercq est une seigneurie normande du bailliage de Guernesey, \u00c9tat d\u00e9pendant de la Couronne britannique.<\/p>\n<p>Population: 550 hab. (2002)<br \/>\nDensit\u00e9 : 100 hab.\/km2<br \/>\nLongueur: 5 Km<br \/>\nLargeur: 2 Km<\/p>\n<p><img decoding=\"async\" loading=\"lazy\" title=\"carte-sercq\" src=\"http:\/\/carfree.fr\/images\/carte-sercq.jpg\" alt=\"\" width=\"250\" height=\"159\" \/><\/p>\n<p><span class=\"Normal-C\">Ce petit bout de terre est rest\u00e9 fid\u00e8le \u00e0 son pass\u00e9 f\u00e9odal.\u00a0 L\u2019absence de voitures     donne \u00e0 Sercq un charme unique et enchanteur, puisque l\u2019on ne se d\u00e9place qu\u2019\u00e0 pied, \u00e0 v\u00e9lo, en cal\u00e8che ou en char-\u00e0-banc tir\u00e9 par un tracteur (dans ce dernier cas,     sur 1 km entre le port et le village). Vous pourrez vous adonner \u00e0     la randonn\u00e9e, profiter des hautes falaises avec une vue \u00e0 couper le souffle et d&rsquo;une campagne somptueuse. Sercq est \u00e9galement     l\u2019un des seuls endroits de notre plan\u00e8te o\u00f9 vous pourrez contempler la \u00ab\u00a0nuit noire\u00a0\u00bb     et sa vo\u00fbte c\u00e9leste totalement \u00e9toil\u00e9e, en raison de l\u2019absence de pollution. Un petit     coin de paradis hors du temps&#8230;<\/span><\/p>\n<p><span class=\"Normal-C\"> <\/span>Peupl\u00e9e d&rsquo;environ 600 habitants, Sercq est situ\u00e9e \u00e0 10 kilom\u00e8tres \u00e0 l&rsquo;est de Guernesey, 35 km \u00e0 l&rsquo;ouest des c\u00f4tes du Cotentin fran\u00e7ais, et 20 km au nord-nord-ouest de Jersey. C&rsquo;est un plateau rocheux culminant \u00e0 114 m; la c\u00f4te ne comprend que des falaises \u00e9lev\u00e9es et seulement trois ou quatre petites plages accessibles par des escaliers escarp\u00e9s.<\/p>\n<p><img decoding=\"async\" loading=\"lazy\" src=\"http:\/\/carfree.fr\/images\/Sercq-velo.jpg\" alt=\"\" width=\"420\" height=\"420\" \/><br \/>\nUn jour magnifique pass\u00e9 \u00e0 faire du v\u00e9lo sur Sercq (photo: Sues_pics)<\/p>\n<p>L&rsquo;\u00eele se compose de deux parties distinctes commun\u00e9ment appel\u00e9es la petite et la grande Sercq. Elles sont reli\u00e9es par \u00ab\u00a0la Coup\u00e9e\u00a0\u00bb, un isthme \u00e9troit qui ne fait que 3 m\u00e8tres de large dans sa partie sup\u00e9rieure, bord\u00e9s des deux c\u00f4t\u00e9s par un \u00e0 pic d&rsquo;une centaine de m\u00e8tres. La travers\u00e9e est m\u00e9morable les jours de temp\u00eate&#8230; Des barri\u00e8res de s\u00e9curit\u00e9 n&rsquo;y ont \u00e9t\u00e9 install\u00e9es qu&rsquo;en 1900 (auparavant, les enfants traversaient le passage \u00e0 quatre pattes pour \u00e9viter de tomber).<\/p>\n<p>L&rsquo;\u00eele est desservie uniquement par la mer, pour le fret et pour les passagers, depuis Saint-Pierre-Port. Sur l&rsquo;\u00eele de Sercq, les avions et les h\u00e9licopt\u00e8res sont interdits. Elle a deux petits ports, situ\u00e9s sur la c\u00f4te est: Port-Maseline, en eau profonde, utilis\u00e9 pour les liaisons, et Port-Creux, ass\u00e9chant \u00e0 mar\u00e9e basse, utilis\u00e9 par les p\u00eacheurs locaux, et reli\u00e9 par un tunnel \u00e0 la route menant au bourg.<\/p>\n<p><img decoding=\"async\" loading=\"lazy\" src=\"http:\/\/carfree.fr\/images\/Sercq_La_Coupee.jpg\" alt=\"\" width=\"420\" height=\"279\" \/><br \/>\nLa Coup\u00e9e (photo: <a title=\"http:\/\/fr.wikipedia.org\/wiki\/Fichier:La_Coup%C3%A9e,_Channel_Islands.jpg\" href=\"http:\/\/fr.wikipedia.org\/wiki\/Fichier:La_Coup%C3%A9e,_Channel_Islands.jpg\" target=\"_blank\" rel=\"noopener\">wikip\u00e9dia<\/a>)<\/p>\n<p>Sercq est le dernier \u00c9tat f\u00e9odal d&rsquo;Europe et constitue une seigneurie depuis 1604. Le changement institutionnel le plus important a eu lieu en 2008 avec l&rsquo;introduction du suffrage universel pour l&rsquo;\u00e9lection du Parlement local.<\/p>\n<p>Mais l&rsquo;\u00eele est toujours gouvern\u00e9e par un seigneur. Depuis 1974, John Michael Beaumont (n\u00e9 en 1927) est le vingt-deuxi\u00e8me seigneur de Sercq, titre dont il a h\u00e9rit\u00e9 par sa grand-m\u00e8re. Son anc\u00eatre avait obtenu la \u00ab\u00a0location de l&rsquo;\u00eele\u00a0\u00bb par la reine d&rsquo;Angleterre en 1565 pour la modique somme annuelle de 1,79 livre. Le vingt-deuxi\u00e8me seigneur de Sercq paie  toujours aujourd&rsquo;hui son loyer annuel de 1,79 livre \u00e0 la souveraine, laquelle n&rsquo;a  pas jug\u00e9 utile de r\u00e9viser le tarif.<\/p>\n<p>En tant que seigneur de l&rsquo;\u00eele, il est le seul de l&rsquo;\u00eele de Sercq \u00e0 conserver certains privil\u00e8ges, comme par exemple le droit d&rsquo;avoir un colombier ou le pouvoir de poss\u00e9der une chienne non st\u00e9rilis\u00e9e. Ceci, depuis qu&rsquo;au XVIIe si\u00e8cle des attaques d&rsquo;animaux errants eurent lieu contre les troupeaux de moutons.<\/p>\n<p><img decoding=\"async\" loading=\"lazy\" src=\"http:\/\/carfree.fr\/images\/Serq-port-maseline.jpg\" alt=\"\" width=\"420\" height=\"264\" \/><br \/>\nPort-Maseline (photo: <a title=\"http:\/\/www.flickr.com\/photos\/7875788@N03\/5087669443\/\" href=\"http:\/\/www.flickr.com\/photos\/7875788@N03\/5087669443\/\" target=\"_blank\" rel=\"noopener\">peacenik1<\/a>)<\/p>\n<p>Les attaques de pirates ont toujours \u00e9t\u00e9 fr\u00e9quentes \u00e0 Sercq et les Fran\u00e7ais, \u00e0 qui Sercq a  longtemps appartenu, n&rsquo;ont jamais renonc\u00e9 \u00e0 y reprendre pied. A vrai dire, ils n&rsquo;ont  toujours pas renonc\u00e9 m\u00eame aujourd&rsquo;hui, car en 1990, un certain Andr\u00e9 Gardes, physicien nucl\u00e9aire fran\u00e7ais sans emploi, s&rsquo;est point\u00e9 sur l&rsquo;\u00eele  avec un fusil semi-automatique et s&rsquo;est autoproclam\u00e9 ma\u00eetre de l&rsquo;\u00eele, peu avant d&rsquo;\u00eatre  arr\u00eat\u00e9 par  l&rsquo;officier de police de l&rsquo;\u00eele (lequel \u00e9tait \u00e0 l&rsquo;\u00e9poque un fermier de l&rsquo;\u00eele) et confi\u00e9 \u00e0 un psychiatre.<\/p>\n<p>Le 4 octobre 2006, sous la pression, apparemment, de la Couronne britannique, les membres du parlement de l&rsquo;\u00eele (les Chefs plaids) votent la fin du r\u00e9gime f\u00e9odal. Sercq est donc, \u00e0 ce jour, plus ou moins en conformit\u00e9 avec les recommandations du Conseil de l&rsquo;Europe.<\/p>\n<p>Le 10 d\u00e9cembre 2008, la petite \u00eele tourne m\u00eame la page de plus de 400 ans de f\u00e9odalit\u00e9 de type ancien, en organisant les premi\u00e8res \u00e9lections enti\u00e8rement d\u00e9mocratiques de son histoire. Toutefois celles-ci ne vont tout de m\u00eame pas jusqu&rsquo;\u00e0 mettre compl\u00e8tement \u00e0 bas le statut f\u00e9odal et seigneurial de l&rsquo;\u00eele, mais le font \u00e9voluer. Les habitants peuvent d\u00e9sormais \u00e9lire, pour la premi\u00e8re fois, l&rsquo;int\u00e9gralit\u00e9 des membres de leur parlement local, les Chefs Plaids.<\/p>\n<p>Le scrutin se tient dans la salle de billard du si\u00e8ge du gouvernement de l&rsquo;\u00eele. La majorit\u00e9 des \u00e9lecteurs se prononce alors en faveur des partisans du \u00ab\u00a0f\u00e9odalisme\u00a0\u00bb et au d\u00e9triment de ceux des \u00ab\u00a0r\u00e9formes\u00a0\u00bb, d\u00e9fendues par deux fr\u00e8res milliardaires, les fr\u00e8res Barclay (propri\u00e9taires du Daily Telegraph) qui souhaitaient, entre autres, pouvoir faire atterrir un h\u00e9licopt\u00e8re sur l\u2019ilot voisin de Brecqhou qu&rsquo;ils ont achet\u00e9 en 1993. Cet \u00eelot priv\u00e9, occup\u00e9 par leur manoir n\u00e9o-gothique hyper luxueux est bien entendu interdit \u00e0 la visite. La circulation s&rsquo;y fait apparemment en voiturettes de golf&#8230;<\/p>\n<p>Par mesure de r\u00e9torsion, les fr\u00e8res Barclay commencent \u00e0 mettre en \u0153uvre la fermeture de toutes leurs entreprises (h\u00f4tel, commerces, entreprises de construction, agences immobili\u00e8res) sur l&rsquo;\u00eele et licencient leurs 140 employ\u00e9s, c&rsquo;est-\u00e0-dire un habitant sur quatre, sachant qu&rsquo;il n&rsquo;existe pas de syst\u00e8me de s\u00e9curit\u00e9 sociale \u00e0 Sercq, donc pas d&rsquo;allocations de ch\u00f4mage.<\/p>\n<p>Mais le mouvement d&rsquo;humeur des fr\u00e8res Barclay est cependant de courte dur\u00e9e et ceux-ci rouvrent tr\u00e8s vite leurs commerces et \u00e9tablissements sur l&rsquo;\u00eele d\u00e8s la r\u00e9union du nouveau parlement en janvier 2009.<\/p>\n<p><img decoding=\"async\" loading=\"lazy\" src=\"http:\/\/carfree.fr\/images\/Sercq-transport.jpg\" alt=\"\" width=\"420\" height=\"272\" \/><br \/>\nLe transport sur Sercq (photo: <a title=\"http:\/\/www.flickr.com\/photos\/beechwoodphotography\/4714254915\/\" href=\"http:\/\/www.flickr.com\/photos\/beechwoodphotography\/4714254915\/\" target=\"_blank\" rel=\"noopener\">beechwoodphotography<\/a>)<\/p>\n<p>L&rsquo;\u00eele, qui a gard\u00e9 un charme inchang\u00e9 depuis l&rsquo;\u00e9poque o\u00f9 Victor Hugo s&rsquo;y promenait, est devenue une destination de tourisme recherch\u00e9e. C&rsquo;est le principal secteur d&rsquo;activit\u00e9. Les routes ne sont pas goudronn\u00e9es. Les v\u00e9hicules automobiles y sont interdits, \u00e0 l&rsquo;exception des tracteurs, ce qui fait de la bicyclette et des carrioles tir\u00e9es par des chevaux des moyens de transport privil\u00e9gi\u00e9s.<\/p>\n<p>Cependant, dans les discussions r\u00e9centes au parlement sercquiais, on note que le tracteur, seul v\u00e9hicule motoris\u00e9 autoris\u00e9 \u00e0 Sercq, pourrait se voir concurrenc\u00e9 dans certains cas par quelques v\u00e9hicules \u00e9lectriques&#8230; Ce sont sans doute les inconv\u00e9nients de la d\u00e9mocratie!<\/p>\n<p><img decoding=\"async\" loading=\"lazy\" src=\"http:\/\/carfree.fr\/images\/Sercq-jardin.jpg\" alt=\"\" width=\"420\" height=\"273\" \/><br \/>\nJardin de la Seigneurie (photo: <a title=\"http:\/\/www.flickr.com\/photos\/bemade25\/4861372116\/\" href=\"http:\/\/www.flickr.com\/photos\/bemade25\/4861372116\/\" target=\"_blank\" rel=\"noopener\">be_am25<\/a>)<\/p>\n<p>Enfin, l&rsquo;\u00eelot anglo-normand de Sercq est un paradis pour l&rsquo;astronomie \u00e0 l&rsquo;\u0153il  nu. L&rsquo;\u00e9lectricit\u00e9 publique n&rsquo;a pas encore envahi les rues. Si bien qu&rsquo;en 2011, Sercq est devenue la premi\u00e8re du monde \u00e0 se voir attribuer  le label \u00ab\u00a0\u00eele de ciel noir\u00a0\u00bb par l&rsquo;IDA (International Dark-Sky  Association), une association am\u00e9ricaine qui lutte contre la pollution lumineuse. Sercq rejoint une douzaine de points du globe, reconnus par ce groupe pour leur engagement en faveur du ciel \u00e9toil\u00e9.<\/p>\n<p>Mais c&rsquo;est aussi un paradis pour les soci\u00e9t\u00e9s <em>off shore<\/em>. Dans cette \u00eele d\u00e9fiscalis\u00e9e, on a pu d\u00e9nombrer jusqu&rsquo;\u00e0 23.000 soci\u00e9t\u00e9s domicili\u00e9es sur 5 km2&#8230; M\u00eame la voisine Guernesey a fini par taper du poing sur la table, c&rsquo;est dire! La  r\u00e9putation des \u00eeles Anglo-Normandes, d\u00e9j\u00e0 pas terrible en la mati\u00e8re, \u00e9tait  en jeu. Il n&rsquo;y aurait plus aujourd&rsquo;hui que 100 \u00e0 500 bo\u00eetes \u00e0 lettres.<\/p>\n<p><strong>Moyens d&rsquo;acc\u00e8s<\/strong><\/p>\n<p>Il n&rsquo;existe pas de liaison maritime directe entre la France et l&rsquo;Ile de Sercq. Pour se rendre \u00e0 Sercq, au d\u00e9part de France, il y a 2 possibilit\u00e9s :<\/p>\n<ul>\n<li>1\u00e8re possibilit\u00e9 via GUERNESEY : Bateau St MALO \/ GUERNESEY en 2h + bateau GUERNESEY \/ SERCQ en 50mn.<\/li>\n<li>2\u00e8me possibilit\u00e9 via JERSEY : Bateau GRANVILLE \/ SERCQ (via JERSEY) en 2h30 du 21\/04 au 30\/09.<\/li>\n<\/ul>\n<p><strong>Sources:<\/strong><\/p>\n<p><a title=\"http:\/\/fr.wikipedia.org\/wiki\/Sercq\" href=\"http:\/\/fr.wikipedia.org\/wiki\/Sercq\" target=\"_blank\" rel=\"noopener\">Ile de Sercq sur Wikip\u00e9dia<\/a><br \/>\nLib\u00e9ration<\/p>\n<p><a title=\"http:\/\/www.blurb.fr\/b\/4733679-iles-sans-voitures\" href=\"https:\/\/www.blurb.fr\/b\/4733679-les-sans-voitures\" target=\"_blank\" rel=\"noopener\"><img decoding=\"async\" loading=\"lazy\" title=\"livre-iles-sans-voitures\" src=\"http:\/\/carfree.fr\/images\/iles-sans-voitures-livre1.jpg\" alt=\"\" width=\"210\" height=\"154\" align=\"left\" \/><\/a><br \/>\n<span style=\"font-weight: bold;\">\u00celes sans voitures<\/span><br \/>\n<span style=\"font-weight: bold;\">22 \u00eeles, 26 cartes, 168 photographies<br \/>\n<\/span><\/p>\n<p><a title=\"http:\/\/www.blurb.fr\/b\/4733679-iles-sans-voitures\" href=\"https:\/\/www.blurb.fr\/b\/4733679-les-sans-voitures\" target=\"_blank\" rel=\"noopener\"><span style=\"font-weight: bold;\">Consulter ou commander le livre<\/span><\/a><\/p>\n","protected":false},"excerpt":{"rendered":"<p>Huiti\u00e8me \u00e9pisode d&rsquo;une s\u00e9rie consacr\u00e9e aux \u00eeles sans voitures. Vous souhaitez passer des vacances r\u00e9ellement sans voitures? Vous voulez voir comment la vie sans voitures est possible? Visitez les \u00eeles <a class=\"more-link\" href=\"https:\/\/carfree.fr\/index.php\/2012\/06\/26\/lile-de-sercq-sans-voitures\/\">Lire la suite&#8230;<\/a><\/p>\n","protected":false},"author":1390,"featured_media":46098,"comment_status":"open","ping_status":"open","sticky":false,"template":"","format":"standard","meta":[],"categories":[4,1338,9,7,70],"tags":[350,855,954,1137,1397,198,1339,135,1398,287,768,386,1664,809,710],"views":17698,"_links":{"self":[{"href":"https:\/\/carfree.fr\/index.php\/wp-json\/wp\/v2\/posts\/17776"}],"collection":[{"href":"https:\/\/carfree.fr\/index.php\/wp-json\/wp\/v2\/posts"}],"about":[{"href":"https:\/\/carfree.fr\/index.php\/wp-json\/wp\/v2\/types\/post"}],"author":[{"embeddable":true,"href":"https:\/\/carfree.fr\/index.php\/wp-json\/wp\/v2\/users\/1390"}],"replies":[{"embeddable":true,"href":"https:\/\/carfree.fr\/index.php\/wp-json\/wp\/v2\/comments?post=17776"}],"version-history":[{"count":0,"href":"https:\/\/carfree.fr\/index.php\/wp-json\/wp\/v2\/posts\/17776\/revisions"}],"wp:featuredmedia":[{"embeddable":true,"href":"https:\/\/carfree.fr\/index.php\/wp-json\/wp\/v2\/media\/46098"}],"wp:attachment":[{"href":"https:\/\/carfree.fr\/index.php\/wp-json\/wp\/v2\/media?parent=17776"}],"wp:term":[{"taxonomy":"category","embeddable":true,"href":"https:\/\/carfree.fr\/index.php\/wp-json\/wp\/v2\/categories?post=17776"},{"taxonomy":"post_tag","embeddable":true,"href":"https:\/\/carfree.fr\/index.php\/wp-json\/wp\/v2\/tags?post=17776"}],"curies":[{"name":"wp","href":"https:\/\/api.w.org\/{rel}","templated":true}]}}