{"id":18047,"date":"2012-07-31T12:39:19","date_gmt":"2012-07-31T11:39:19","guid":{"rendered":"http:\/\/carfree.fr\/?p=18047"},"modified":"2024-02-27T13:08:52","modified_gmt":"2024-02-27T12:08:52","slug":"la-caravane-a-velo-des-indignes-du-nucleaire","status":"publish","type":"post","link":"https:\/\/carfree.fr\/index.php\/2012\/07\/31\/la-caravane-a-velo-des-indignes-du-nucleaire\/","title":{"rendered":"La caravane \u00e0 v\u00e9lo des indign\u00e9s du Nucl\u00e9aire"},"content":{"rendered":"<p>Un petit groupe de gens d\u00e9termin\u00e9s peut-il changer le cours des choses et cette folie Nucl\u00e9aire qui un jour, nous conduira \u00e0 la m\u00eame catastrophe qui frappa nos amis japonais? Les caravaniers ne se posent pas la question et ils savent avoir raison. Le vent de l&rsquo;histoire souffle en leur faveur. Qu&rsquo;importe s&rsquo;ils sont une infime minorit\u00e9, ils sont les seuls \u00e0 porter la v\u00e9rit\u00e9 et la sagesse, cela suffit \u00e0 leur donner la force de subir les moqueries de tous les autres, confits dans un confort factice, install\u00e9s dans une logique mortif\u00e8re, m\u00e9prisant les g\u00e9n\u00e9rations futures au nom d&rsquo;un d\u00e9sir \u00e9go\u00efste de bien-\u00eatre. <!--more--><\/p>\n<p>Ils vont prendre la route le dimanche 5 ao\u00fbt de Plogoff, lieu symbolique pour l&rsquo;espoir anti-nucl\u00e9aire afin de sillonner les sites d\u00e9di\u00e9s au Dieu Atome jusqu&rsquo;\u00e0 Fessenheim, probable sanctuaire de notre d\u00e9raison atomique. Il se peut qu&rsquo;ils ne soient qu&rsquo;une poign\u00e9e, le nombre ne pr\u00e9juge pas de la pertinence de l&rsquo;action. D&rsquo;\u00e9tape en \u00e9tape, ils font le pari de l&rsquo;effet boule de neige pour que croisse cette caravane. Il esp\u00e8re aussi que la v\u00e9rit\u00e9 sur Fukushima \u00e9clate enfin au grand jour m\u00e9diatique !<\/p>\n<p>Ils sont porteurs d&rsquo;objectifs simples, \u00e0 l&rsquo;aune de leur modeste et durable moyen de locomotion. Ils s&rsquo;adressent \u00e0 la conscience collective, \u00e0 la raison de ceux qui veulent enfin ouvrir les yeux sur notre fuite en avant vers l&rsquo;accident certain. Ils ne sont pas Cassandre, car au fond de leur c\u0153ur, ils ont la conviction qu&rsquo;il n&rsquo;est pas trop tard et qu&rsquo;il est encore possible de mettre un terme \u00e0 ce suicide collectif.<\/p>\n<p>Ils souhaitent tout d&rsquo;abord r\u00e9veiller le souvenir des r\u00e9sistances victorieuses contre cette force monstrueuse et sournoise de l&rsquo;\u00e9nergie nucl\u00e9aire. C&rsquo;est ainsi que Plogoff, Erdeven, Le Pellerin-Le Carnet, Bourg d&rsquo;Ir\u00e9 et Wyhl, lieux symboles du recul de l&rsquo;atome devant la force d&rsquo;une population concern\u00e9e et lucide seront sur leur trajet.<\/p>\n<p>Ils vont r\u00e9clamer ce d\u00e9bat \u00e9voqu\u00e9, ce d\u00e9bat n\u00e9cessaire, ce d\u00e9bat indispensable qui doit \u00eatre men\u00e9 dans notre pays. La promesse d&rsquo;un candidat n&rsquo;engage jamais le pr\u00e9sident \u00e9lu, c&rsquo;est pourquoi les oreilles de Monsieur Hollande doivent siffler tout au long de ce trajet de la m\u00e9moire des catastrophes de Mayak, Three Mile Island, Tchernobyl et Fukushima, et dans une mesure sans doute moindre de Winscale-Seaffield et Saint-Laurent-des-Eaux (1969 et 1980), pour que notre tour ne vienne pas dans cette sinistre liste.<\/p>\n<p>Ils vont r\u00e9clamer, du haut de leurs fiers coursiers m\u00e9talliques, que l&rsquo;on prenne grand soin de tous les personnels qui \u0153uvrent \u00e0 cette \u00e9nergie si dangereuse. Int\u00e9rimaires et salari\u00e9s titulaires doivent \u00eatre l&rsquo;objet de tous nos dorlotements. Un jour ou l&rsquo;autre, ils seront confront\u00e9s \u00e0 la catastrophe in\u00e9vitable et leur sacrifice alors sera la clef de notre survie momentan\u00e9e.<\/p>\n<p>Enfin, puisque l&rsquo;\u00e9tape ultime de cette travers\u00e9e de la France d&rsquo;Ouest en Est est Fessenheim, la caravane demandera la fermeture prochaine et sans nouveaux reports de cette trop vieille centrale \u00e0 bout de souffle et en grand danger. La sagesse imposerait ce que l&rsquo;app\u00e9tit financier ne peut accepter. Quelle logique l&#8217;emportera sur l&rsquo;autre ? Celle de la vie ou bien celle de l&rsquo;argent ?<\/p>\n<p>Pour participer \u00e0 ce mouvement pacifique et vital, il suffit de vous joindre aux cyclistes de la vie, les caravaniers des indign\u00e9s du Nucl\u00e9aire. Une \u00e9tape, un accueil sur la route, un simple signe de la main seront autant de gestes symboliques qui diront \u00e0 nos \u00e9lus que le mensonge d&rsquo;\u00e9tat ne peut continuer plus longtemps. L&rsquo;\u00e9nergie nucl\u00e9aire n&rsquo;est pas une \u00e9nergie comme les autres, elle est porteuse de risques disproportionn\u00e9s et elle enferme la France dans une logique industrielle et \u00e9nerg\u00e9tique qui n&rsquo;est plus celle de tous nos voisins.<\/p>\n<p>Vous trouverez ici les diff\u00e9rentes \u00e9tapes de cette caravane qui se d\u00e9roulera dans la bonne humeur. Des animations, des d\u00e9bats, des artistes animeront les \u00e9tapes auxquelles vous \u00eates tous invit\u00e9s \u00e0 participer. Le Nucl\u00e9aire n&rsquo;est pas l&rsquo;affaire de techniciens aux ordres du pouvoir de l&rsquo;argent et du mensonge. Puisque vos vies sont menac\u00e9es, votre avis doit \u00eatre \u00e9cout\u00e9.<\/p>\n<p>Caravanement v\u00f4tre.<\/p>\n<p><strong>Caravane \u00e0 v\u00e9lo de Plogoff \u00e0 Fessenheim<\/strong><br \/>\n<strong> des indign\u00e9s de plus en plus inquiets du nucl\u00e9aire<\/strong><\/p>\n<p><strong>DIMANCHE 5 AOUT<\/strong> : d\u00e9part de <strong>Plogoff<\/strong> apr\u00e8s un pique-nique festif sur le site de Feunteun Aod, sur lequel gr\u00e2ce \u00e0 un combat acharn\u00e9 men\u00e9 de 1978 \u00e0 1981 n\u2019erre plus d\u00e9sormais que le souvenir fantomatique d\u2019une centrale nucl\u00e9aire. Arriv\u00e9e \u00e0 la ferme de Gorr\u00e9 \u00e0 <strong>Plouhinec<\/strong>.<\/p>\n<p><strong>lundi 6 aout<\/strong> : arriv\u00e9e \u00e0 <strong>Sainte Anne La Palud<\/strong><\/p>\n<p><strong>mardi 7 aout<\/strong> : arriv\u00e9e \u00e0 la maison du cidre d\u2019<strong>Argol<\/strong>, apr\u00e8s comm\u00e9moration au Fret \u00e0 17 h des bombardements d\u2019Hiroshima et Nagasaki les 6 et 9 aout 1945<\/p>\n<p><strong>mercredi 8 aout\u00a0: <\/strong>arriv\u00e9e \u00e0 la centrale de <strong>Brennilis<\/strong><\/p>\n<p><strong>jeudi 9 aout\u00a0: <\/strong>arriv\u00e9e \u00e0<strong> Carhaix<\/strong><\/p>\n<p><strong>vendredi 10 aout\u00a0:<\/strong> arriv\u00e9e \u00e0 <strong>Meslan<\/strong> et visite des sites des anciennes mines d\u2019extraction d\u2019uranium<\/p>\n<p><strong>samedi 11 aout\u00a0: <\/strong>arriv\u00e9e \u00e0 <strong>ERDEVEN, <\/strong>lieu d\u2019une opposition victorieuse \u00e0 l\u2019implantation d\u2019une centrale nucl\u00e9aire en 1975<\/p>\n<p><strong>DIMANCHE 12 AOUT<\/strong><strong> : <\/strong>arriv\u00e9e \u00e0<strong> Muzillac<\/strong><\/p>\n<p><strong>lundi 13 aout\u00a0: <\/strong>arriv\u00e9e \u00e0<strong> Gu\u00e9rande, <\/strong>apr\u00e8s passage sur le site des anciennes mines d\u2019extraction d\u2019uranium<\/p>\n<p><strong>mardi 14 aout\u00a0: <\/strong>arriv\u00e9e au<strong> CARNET, <\/strong>lieu d\u2019une opposition victorieuse \u00e0 l\u2019implantation d\u2019une centrale nucl\u00e9aire (1982-1997)<\/p>\n<p><strong>mercredi 15 aout\u00a0: <\/strong>arriv\u00e9e au<strong> PELLERIN,<\/strong> lieu d\u2019une opposition victorieuse \u00e0 l\u2019implantation d\u2019une centrale nucl\u00e9aire (1976-1981)<\/p>\n<p><strong>jeudi 16 aout<\/strong> : arriv\u00e9e \u00e0 <strong>Mauves-sur-Loire<\/strong><\/p>\n<p><strong>vendredi 17 aout<\/strong> : arriv\u00e9e \u00e0 <strong>Ingrandes<\/strong><\/p>\n<p><strong>samedi 18 aout<\/strong> : arriv\u00e9e \u00e0<strong> Champteuss\u00e9-sur-Baconne,<\/strong>installation de stockage de d\u00e9chets dangereux (de Saint-Laurent-des-Eaux, de Chinon)<\/p>\n<p><strong>DIMANCHE 19 AOUT<\/strong> : arriv\u00e9e \u00e0<strong> La Dagueni\u00e8re<\/strong><\/p>\n<p><strong>lundi 20 aout\u00a0: <\/strong>arriv\u00e9e \u00e0 la centrale d\u2019<strong>AVOINE<\/strong><\/p>\n<p><strong>mardi 21 aout\u00a0: <\/strong>arriv\u00e9e \u00e0<strong> Tours<\/strong><\/p>\n<p><strong>mercredi 22 aout\u00a0: <\/strong>arriv\u00e9e \u00e0<strong> Chaumont-sur-Loire<\/strong><\/p>\n<p><strong>jeudi 23 aout\u00a0: <\/strong>arriv\u00e9e \u00e0 la centrale de<strong> SAINT LAURENT DES EAUX <\/strong><\/p>\n<p><strong>vendredi 24 aout\u00a0: <\/strong>arriv\u00e9e \u00e0<strong> Orl\u00e9ans<\/strong><\/p>\n<p><strong>samedi 25 aout\u00a0: <\/strong>arriv\u00e9e \u00e0 la centrale de <strong>DAMPIERRE EN BURLY<\/strong><\/p>\n<p><strong>DIMANCHE 26 AOUT<\/strong><strong> : <\/strong>arriv\u00e9e \u00e0 la centrale de<strong> BELLEVILLE<\/strong><\/p>\n<p><strong>lundi 27 aout\u00a0: <\/strong>arriv\u00e9e \u00e0<strong> Entrains-sur-Nohain<\/strong><\/p>\n<p><strong>mardi 28 aout\u00a0: <\/strong>arriv\u00e9e \u00e0 <strong>V\u00e9zelay<\/strong><\/p>\n<p><strong>mercredi 29 aout\u00a0: <\/strong>arriv\u00e9e \u00e0 <strong>Semur-en-Auxois<\/strong><\/p>\n<p><strong>jeudi 30 aout\u00a0: <\/strong>arriv\u00e9e \u00e0 <strong>Darcey<\/strong><\/p>\n<p><strong>vendredi 31 aout\u00a0: <\/strong>arriv\u00e9e \u00e0 <strong>Moloy <\/strong>(Valduc,\u2028 CEA\u00a0: centre nucl\u00e9aire pour la production d&rsquo;armements)<\/p>\n<p><strong>samedi 1er septembre\u00a0: <\/strong>arriv\u00e9e \u00e0 <strong>Dijon<\/strong><\/p>\n<p><strong>DIMANCHE 2 SEPTEMBRE<\/strong><strong> : <\/strong>arriv\u00e9e \u00e0<strong> Pesmes, <\/strong>apr\u00e8s passage \u00e0 <strong>Pontailler-sur-Sa\u00f4ne<\/strong> (d\u00e9chets, stockage. Installation de stockage de d\u00e9chets dangereux ayant re\u00e7u des boues de d\u00e9cantation de tr\u00e8s faible activit\u00e9 provenant du Centre d&rsquo;Etudes de VALDUC)<\/p>\n<p><strong>lundi 3 septembre\u00a0: <\/strong>arriv\u00e9e \u00e0 <strong>Besan\u00e7on<\/strong><\/p>\n<p><strong>mardi 4 septembre\u00a0: <\/strong>arriv\u00e9e \u00e0 <strong>Baume-les-Dames<\/strong><\/p>\n<p><strong>mercredi 5 septembre\u00a0: <\/strong>arriv\u00e9e \u00e0 <strong>L\u2019Isles-sur-le Doubs<\/strong><\/p>\n<p><strong>jeudi 6 septembre\u00a0: <\/strong>arriv\u00e9e \u00e0 <strong>Montb\u00e9liard<\/strong><\/p>\n<p><strong>vendredi 7 septembre\u00a0: <\/strong>arriv\u00e9e \u00e0 <strong>Mulhouse<\/strong><\/p>\n<p><strong>SAMEDI 8 SEPTEMBRE<\/strong><strong> : <\/strong>arriv\u00e9e \u00e0 la centrale de <strong>FESSENHEIM<\/strong><\/p>\n<p>et <strong>DIMANCHE 9 SEPTEMBRE<\/strong><strong> : <\/strong><\/p>\n<p>festivit\u00e9s puis ballade \u00e0 <strong>WYHL en Allemagne. <\/strong>En 1975, occupation du chantier de la centrale nucl\u00e9aire par 25\u00a0000 militants pendant 8 mois\u00a0: de Kaisergaust (Suisse) \u00e0 Gerstheim (Bas-Rhin), 12 projets de r\u00e9acteurs sur le Rhin sont abandonn\u00e9s.<\/p>\n","protected":false},"excerpt":{"rendered":"<p>Un petit groupe de gens d\u00e9termin\u00e9s peut-il changer le cours des choses et cette folie Nucl\u00e9aire qui un jour, nous conduira \u00e0 la m\u00eame catastrophe qui frappa nos amis japonais? <a class=\"more-link\" href=\"https:\/\/carfree.fr\/index.php\/2012\/07\/31\/la-caravane-a-velo-des-indignes-du-nucleaire\/\">Lire la suite&#8230;<\/a><\/p>\n","protected":false},"author":42,"featured_media":45802,"comment_status":"open","ping_status":"open","sticky":false,"template":"","format":"standard","meta":[],"categories":[52],"tags":[64,1192,1340,1432,646,485,1347,16,969,555,556,332,694,336,105,398,378,1664],"views":7554,"_links":{"self":[{"href":"https:\/\/carfree.fr\/index.php\/wp-json\/wp\/v2\/posts\/18047"}],"collection":[{"href":"https:\/\/carfree.fr\/index.php\/wp-json\/wp\/v2\/posts"}],"about":[{"href":"https:\/\/carfree.fr\/index.php\/wp-json\/wp\/v2\/types\/post"}],"author":[{"embeddable":true,"href":"https:\/\/carfree.fr\/index.php\/wp-json\/wp\/v2\/users\/42"}],"replies":[{"embeddable":true,"href":"https:\/\/carfree.fr\/index.php\/wp-json\/wp\/v2\/comments?post=18047"}],"version-history":[{"count":0,"href":"https:\/\/carfree.fr\/index.php\/wp-json\/wp\/v2\/posts\/18047\/revisions"}],"wp:featuredmedia":[{"embeddable":true,"href":"https:\/\/carfree.fr\/index.php\/wp-json\/wp\/v2\/media\/45802"}],"wp:attachment":[{"href":"https:\/\/carfree.fr\/index.php\/wp-json\/wp\/v2\/media?parent=18047"}],"wp:term":[{"taxonomy":"category","embeddable":true,"href":"https:\/\/carfree.fr\/index.php\/wp-json\/wp\/v2\/categories?post=18047"},{"taxonomy":"post_tag","embeddable":true,"href":"https:\/\/carfree.fr\/index.php\/wp-json\/wp\/v2\/tags?post=18047"}],"curies":[{"name":"wp","href":"https:\/\/api.w.org\/{rel}","templated":true}]}}