{"id":18190,"date":"2012-08-29T08:38:45","date_gmt":"2012-08-29T07:38:45","guid":{"rendered":"http:\/\/carfree.fr\/?p=18190"},"modified":"2016-05-26T10:07:22","modified_gmt":"2016-05-26T09:07:22","slug":"detournement-documentaire-lexplosion-de-lautomobile-a-pekin","status":"publish","type":"post","link":"https:\/\/carfree.fr\/index.php\/2012\/08\/29\/detournement-documentaire-lexplosion-de-lautomobile-a-pekin\/","title":{"rendered":"D\u00e9tournement documentaire : l&rsquo;explosion de l&rsquo;automobile \u00e0 P\u00e9kin"},"content":{"rendered":"<p><img decoding=\"async\" loading=\"lazy\" title=\"automobile-pekin\" src=\"http:\/\/carfree.fr\/images\/automobile-pekin.jpg\" alt=\"\" width=\"420\" height=\"200\" \/><\/p>\n<p>Voici ce que j\u2019appellerais un d\u00e9tournement documentaire. Je vais vous pr\u00e9senter les d\u00e9sastres engendr\u00e9s par la soci\u00e9t\u00e9 automobile\u2026. \u00e0 partir d\u2019un documentaire sur la fin du p\u00e9trole! <!--more--><\/p>\n<p>Dans <a href=\"http:\/\/www.youtube.com\/watch?v=5Av_TNbmg7M&amp;feature=youtube_gdata_player\" target=\"_blank\">ce num\u00e9ro<\/a> de Vue du Ciel, Yann Artus Bertrand met en avant ce paradoxe: nous sommes sur le point de manquer de p\u00e9trole abondant et bon march\u00e9, et pourtant, nous en consommons de plus en plus! Cela traduit une d\u00e9pendance intrins\u00e8que de notre \u00e9conomie \u00e0 l\u2019or noir, ainsi que le manque de prise de conscience de la soci\u00e9t\u00e9.<\/p>\n<p>Un des sujets est consacr\u00e9 au d\u00e9veloppement de l\u2019automobile en Chine\u2026 Il se trouve \u00eatre tr\u00e8s r\u00e9v\u00e9lateur du cauchemar automobile, d\u2019o\u00f9 mon d\u00e9tournement.\u00a0La transformation de la ville de P\u00e9kin, prise en exemple ici, fait prendre conscience du d\u00e9sastre que provoque la soci\u00e9t\u00e9 automobile. Les pittoresques hutong (quartiers traditionnels du centre ville) ont fait place \u00e0 des voies rapides s\u2019enchev\u00eatrant dans tous les sens, pour accueillir les 3.500.000 v\u00e9hicules que compte la capitale, g\u00e9n\u00e9rant bruit, stress, embouteillages.<\/p>\n<p>J\u2019ai beaucoup aim\u00e9 le t\u00e9moignage de cet ouvrier de 40 ans, acqu\u00e9reur d\u2019une QQ (v\u00e9hicule d\u2019entr\u00e9e de gamme): \u00abJe pense que ma fille [qu\u2019il tient dans ses bras] n\u2019attendra pas d\u2019avoir mon \u00e2ge pour avoir la sienne\u00bb.\u00a0Comme il y croit!! Ce n\u2019est pas le sc\u00e9nario le plus probable, puisque nous sommes sur un plateau de production mondiale, quelques ann\u00e9es avant un d\u00e9clin inexorable.<\/p>\n<p>Comme le dit la voix-off, \u00abP\u00e9kin sacrifie une partie de son histoire pour ce qui sera peut-\u00eatre une parenth\u00e8se automobile\u00bb. Ce sacrifice en valait-il le coup? N\u2019avons-nous suffisamment pas d\u00e9montr\u00e9 que la soci\u00e9t\u00e9 de l\u2019automobile \u00e9tait loin d\u2019\u00eatre la plus souhaitable?<\/p>\n<p>Voir aussi<\/p>\n<p><a href=\"http:\/\/carfree.fr\/index.php\/2008\/02\/04\/pour-en-finir-avec-la-societe-de-lautomobile\/\" target=\"_blank\">Pour en finir avec la soci\u00e9t\u00e9 de l\u2019automobile<\/a><\/p>\n","protected":false},"excerpt":{"rendered":"<p>Voici ce que j\u2019appellerais un d\u00e9tournement documentaire. Je vais vous pr\u00e9senter les d\u00e9sastres engendr\u00e9s par la soci\u00e9t\u00e9 automobile\u2026. \u00e0 partir d\u2019un documentaire sur la fin du p\u00e9trole!<\/p>\n","protected":false},"author":648,"featured_media":18195,"comment_status":"open","ping_status":"open","sticky":false,"template":"","format":"standard","meta":[],"categories":[52,165,73,6,1037,124],"tags":[791,1106,185,153,129,45,19,648],"views":6245,"_links":{"self":[{"href":"https:\/\/carfree.fr\/index.php\/wp-json\/wp\/v2\/posts\/18190"}],"collection":[{"href":"https:\/\/carfree.fr\/index.php\/wp-json\/wp\/v2\/posts"}],"about":[{"href":"https:\/\/carfree.fr\/index.php\/wp-json\/wp\/v2\/types\/post"}],"author":[{"embeddable":true,"href":"https:\/\/carfree.fr\/index.php\/wp-json\/wp\/v2\/users\/648"}],"replies":[{"embeddable":true,"href":"https:\/\/carfree.fr\/index.php\/wp-json\/wp\/v2\/comments?post=18190"}],"version-history":[{"count":0,"href":"https:\/\/carfree.fr\/index.php\/wp-json\/wp\/v2\/posts\/18190\/revisions"}],"wp:featuredmedia":[{"embeddable":true,"href":"https:\/\/carfree.fr\/index.php\/wp-json\/"}],"wp:attachment":[{"href":"https:\/\/carfree.fr\/index.php\/wp-json\/wp\/v2\/media?parent=18190"}],"wp:term":[{"taxonomy":"category","embeddable":true,"href":"https:\/\/carfree.fr\/index.php\/wp-json\/wp\/v2\/categories?post=18190"},{"taxonomy":"post_tag","embeddable":true,"href":"https:\/\/carfree.fr\/index.php\/wp-json\/wp\/v2\/tags?post=18190"}],"curies":[{"name":"wp","href":"https:\/\/api.w.org\/{rel}","templated":true}]}}