{"id":18197,"date":"2012-08-31T13:30:04","date_gmt":"2012-08-31T12:30:04","guid":{"rendered":"http:\/\/carfree.fr\/?p=18197"},"modified":"2016-10-27T08:07:04","modified_gmt":"2016-10-27T07:07:04","slug":"la-collusion-historique-entre-la-grande-distribution-et-lindustrie-automobile","status":"publish","type":"post","link":"https:\/\/carfree.fr\/index.php\/2012\/08\/31\/la-collusion-historique-entre-la-grande-distribution-et-lindustrie-automobile\/","title":{"rendered":"La collusion historique entre la grande distribution et l&rsquo;industrie automobile"},"content":{"rendered":"<p>Le client id\u00e9al d&rsquo;un boutiquier de la grande distribution c&rsquo;est, bien  s\u00fbr, le conducteur d&rsquo;une voiture avec un gros coffre. <!--more--><\/p>\n<p>Aussi, il n&rsquo;est  pas surprenant de voir les patrons des grandes enseignes accourir  s\u2019apitoyer sur le triste sort des automobilistes dont on ne cesse de  nous pr\u00e9senter \u00e0 longueur de colonnes les nombreuses contrari\u00e9t\u00e9s qu&rsquo;ils  endurent p\u00e9riodiquement: radars fixes, radars volants, radars tron\u00e7on,  amendes, encombrements, p\u00e9ages, ozone, parc-m\u00e8tres, tendance \u00e0  s&rsquo;endormir, fatigue, stress, micro-particules, s\u00e9dentarit\u00e9, augmentation  du prix des carburants, effet de serre&#8230;<\/p>\n<p>Historiquement, la grande distribution est une alli\u00e9e de l&rsquo;industrie  automobile qui est venu lui donner un second souffle dans son essor des  ann\u00e9es soixante.<\/p>\n<p>Ces derni\u00e8res ann\u00e9es, le mod\u00e8le des hyper-march\u00e9s tend  \u00e0 s&rsquo;essouffler tout comme son vecteur g\u00e9ographique et social:  l&rsquo;automobile particuli\u00e8re.<\/p>\n<p>L&rsquo;actuel psychodrame du prix de l&rsquo;essence est  l&rsquo;occasion pour Messieurs Leclerc et Papin (Pr\u00e9sident des magasins U)  de montrer leur g\u00e9n\u00e9rosit\u00e9 sans \u00e9voquer leur int\u00e9r\u00eat dans cette pi\u00e8ce de  th\u00e9\u00e2tre \u00e9cul\u00e9e et en oubliant leur collusion historique avec  l&rsquo;industrie automobile g\u00e9nocidaire et climaticide.<\/p>\n<p>GC (www.L\u00e9coLomobiLe.fr et CrypText.fr)<\/p>\n","protected":false},"excerpt":{"rendered":"<p>Le client id\u00e9al d&rsquo;un boutiquier de la grande distribution c&rsquo;est, bien s\u00fbr, le conducteur d&rsquo;une voiture avec un gros coffre.<\/p>\n","protected":false},"author":27,"featured_media":38038,"comment_status":"open","ping_status":"open","sticky":false,"template":"","format":"standard","meta":[],"categories":[165,73,6],"tags":[292,139,198,81,338],"views":5703,"_links":{"self":[{"href":"https:\/\/carfree.fr\/index.php\/wp-json\/wp\/v2\/posts\/18197"}],"collection":[{"href":"https:\/\/carfree.fr\/index.php\/wp-json\/wp\/v2\/posts"}],"about":[{"href":"https:\/\/carfree.fr\/index.php\/wp-json\/wp\/v2\/types\/post"}],"author":[{"embeddable":true,"href":"https:\/\/carfree.fr\/index.php\/wp-json\/wp\/v2\/users\/27"}],"replies":[{"embeddable":true,"href":"https:\/\/carfree.fr\/index.php\/wp-json\/wp\/v2\/comments?post=18197"}],"version-history":[{"count":0,"href":"https:\/\/carfree.fr\/index.php\/wp-json\/wp\/v2\/posts\/18197\/revisions"}],"wp:featuredmedia":[{"embeddable":true,"href":"https:\/\/carfree.fr\/index.php\/wp-json\/wp\/v2\/media\/38038"}],"wp:attachment":[{"href":"https:\/\/carfree.fr\/index.php\/wp-json\/wp\/v2\/media?parent=18197"}],"wp:term":[{"taxonomy":"category","embeddable":true,"href":"https:\/\/carfree.fr\/index.php\/wp-json\/wp\/v2\/categories?post=18197"},{"taxonomy":"post_tag","embeddable":true,"href":"https:\/\/carfree.fr\/index.php\/wp-json\/wp\/v2\/tags?post=18197"}],"curies":[{"name":"wp","href":"https:\/\/api.w.org\/{rel}","templated":true}]}}