{"id":18204,"date":"2012-08-30T08:40:41","date_gmt":"2012-08-30T07:40:41","guid":{"rendered":"http:\/\/carfree.fr\/?p=18204"},"modified":"2021-01-18T08:46:41","modified_gmt":"2021-01-18T07:46:41","slug":"la-popocyclette-enfin-les-motards-vont-pouvoir-sassumer","status":"publish","type":"post","link":"https:\/\/carfree.fr\/index.php\/2012\/08\/30\/la-popocyclette-enfin-les-motards-vont-pouvoir-sassumer\/","title":{"rendered":"La popocyclette, enfin les motards vont pouvoir s&rsquo;assumer!"},"content":{"rendered":"<p><img decoding=\"async\" loading=\"lazy\" title=\"popocyclette\" src=\"http:\/\/carfree.fr\/images\/popocyclette.jpg\" alt=\"popocyclette\" width=\"420\" height=\"200\" \/><\/p>\n<p>Attention, cet article n&rsquo;est pas un fake et l&rsquo;image n&rsquo;est pas un photomontage !!! <!--more--><\/p>\n<p>Un constructeur japonais a enfin trouv\u00e9 le moyen de redonner aux motocyclistes leurs lettres de noblesse, ou, du moins, de leur faire assumer la r\u00e9alit\u00e9 de ce qu&rsquo;ils sont.<\/p>\n<p>Alors que le prix de l&rsquo;essence ne cesse de monter, malgr\u00e9 les annonces fracassantes et risibles du gouvernement, ce nouvel engin polluant aura au moins le m\u00e9rite de mettre les points sur les i et les barres aux t en ne cachant rien d&rsquo;une r\u00e9alit\u00e9 pourtant \u00e9vidente.<\/p>\n<p>Au moins, le biogaz utilis\u00e9 sur ce v\u00e9hicule est une denr\u00e9e, dans nos pays habitu\u00e9s \u00e0 la nourriture pr\u00e9dig\u00e9r\u00e9e vendue dans les fast-foods, qui ne risque pas de manquer\u00a0!<\/p>\n<p>Reste \u00e0 inventer l&rsquo;automerde&#8230;<\/p>\n<p>(source : Romandie)<\/p>\n","protected":false},"excerpt":{"rendered":"<p>Attention, cet article n&rsquo;est pas un fake et l&rsquo;image n&rsquo;est pas un photomontage !!!<\/p>\n","protected":false},"author":239,"featured_media":18208,"comment_status":"open","ping_status":"open","sticky":false,"template":"","format":"standard","meta":[],"categories":[73],"tags":[80,846,201,367,521,249,880],"views":5395,"_links":{"self":[{"href":"https:\/\/carfree.fr\/index.php\/wp-json\/wp\/v2\/posts\/18204"}],"collection":[{"href":"https:\/\/carfree.fr\/index.php\/wp-json\/wp\/v2\/posts"}],"about":[{"href":"https:\/\/carfree.fr\/index.php\/wp-json\/wp\/v2\/types\/post"}],"author":[{"embeddable":true,"href":"https:\/\/carfree.fr\/index.php\/wp-json\/wp\/v2\/users\/239"}],"replies":[{"embeddable":true,"href":"https:\/\/carfree.fr\/index.php\/wp-json\/wp\/v2\/comments?post=18204"}],"version-history":[{"count":0,"href":"https:\/\/carfree.fr\/index.php\/wp-json\/wp\/v2\/posts\/18204\/revisions"}],"wp:featuredmedia":[{"embeddable":true,"href":"https:\/\/carfree.fr\/index.php\/wp-json\/"}],"wp:attachment":[{"href":"https:\/\/carfree.fr\/index.php\/wp-json\/wp\/v2\/media?parent=18204"}],"wp:term":[{"taxonomy":"category","embeddable":true,"href":"https:\/\/carfree.fr\/index.php\/wp-json\/wp\/v2\/categories?post=18204"},{"taxonomy":"post_tag","embeddable":true,"href":"https:\/\/carfree.fr\/index.php\/wp-json\/wp\/v2\/tags?post=18204"}],"curies":[{"name":"wp","href":"https:\/\/api.w.org\/{rel}","templated":true}]}}