{"id":18305,"date":"2012-09-07T14:29:41","date_gmt":"2012-09-07T13:29:41","guid":{"rendered":"http:\/\/carfree.fr\/?p=18305"},"modified":"2016-05-26T10:00:24","modified_gmt":"2016-05-26T09:00:24","slug":"attention-bebe-a-bord","status":"publish","type":"post","link":"https:\/\/carfree.fr\/index.php\/2012\/09\/07\/attention-bebe-a-bord\/","title":{"rendered":"Attention, B\u00e9b\u00e9 \u00e0 bord !"},"content":{"rendered":"<p><img decoding=\"async\" loading=\"lazy\" title=\"bebe-a-bord\" src=\"http:\/\/carfree.fr\/images\/bebe-a-bord.jpg\" alt=\"\" width=\"420\" height=\"200\" \/><\/p>\n<p>\u00ab\u00a0Attention, B\u00e9b\u00e9 \u00e0 bord\u00a0\u00bb. L&rsquo;autocollant est tr\u00e8s courant, au point qu&rsquo;on n&rsquo;y pr\u00eate pas vraiment attention. C&rsquo;est dommage, parce qu&rsquo;il dit quelque chose de notre soci\u00e9t\u00e9, si on prend quelques instants pour y r\u00e9fl\u00e9chir. Prenons le pari que, comme nous, vous n&rsquo;y avez jamais vraiment song\u00e9, ou bien? <!--more--><\/p>\n<p>Commen\u00e7ons par une question : A quoi pense quelqu&rsquo;un qui colle un autocollant \u00ab\u00a0Attention, B\u00e9b\u00e9 \u00e0 bord\u00a0\u00bb?<\/p>\n<p>Dans le meilleur des cas, pas \u00e0 grand-chose : l&rsquo;autocollant lui a \u00e9t\u00e9 remis dans le kit Naissance \u00e0 la maternit\u00e9, ou sinon dans un magasin de textiles pour minots. Il\/elle le colle par r\u00e9flexe, puisque c&rsquo;est \u00e7a &#8230; ou le jeter. Peut-\u00eatre juste par fiert\u00e9, bien l\u00e9gitime, d&rsquo;avoir r\u00e9ussi \u00e0 avoir un enfant (ce n&rsquo;est pas toujours simple !), et l&rsquo;envie de le dire au monde entier (envie que tous les jeunes parents ont d\u00e9j\u00e0 v\u00e9cue). Si ce n&rsquo;est que \u00e7a, parfait, circulez !<\/p>\n<p>L\u00e0 o\u00f9 \u00e7a nous titille un peu plus, c&rsquo;est si on colle l&rsquo;autocollant \u00ab\u00a0Attention, B\u00e9b\u00e9 \u00e0 bord\u00a0\u00bb en y r\u00e9fl\u00e9chissant, ou du moins si on le colle \u00ab\u00a0expr\u00e8s\u00a0\u00bb. Attention, j&rsquo;ai un b\u00e9b\u00e9 \u00e0 bord ?<\/p>\n<p>Que devons-nous comprendre en tant qu&rsquo;autres usagers, au cul d&rsquo;une telle voiture, ou devant ses roues ?<\/p>\n<p><strong>Hypoth\u00e8se n\u00b0 1 : l&rsquo;autocollant signifie que l&rsquo;automobile qui le porte a des droits particuliers.<\/strong><\/p>\n<p>Examinons l&rsquo;hypoth\u00e8se et les questions qu&rsquo;elle soul\u00e8ve.<\/p>\n<p>Est-ce \u00e0 dire qu&rsquo;elle peut s&rsquo;autoriser toutes sortes d&rsquo;incivilit\u00e9s, et en particulier des stationnements dangereux, parce que c&rsquo;est plus pratique pour charger\/d\u00e9charger b\u00e9b\u00e9 et ses nombreuses affaires ?<\/p>\n<p>Est-ce \u00e0 dire que l&rsquo;automobiliste-jeune-parent aurait un droit \u00e0 l&rsquo;indulgence de ses cong\u00e9n\u00e8res pendant toute la dur\u00e9e o\u00f9 son enfant est un b\u00e9b\u00e9 ?<\/p>\n<p>C&rsquo;est marqu\u00e9 dans le Code de la Route peut-\u00eatre ?<\/p>\n<p>Dans ce cas-l\u00e0, la Mar\u00e9chauss\u00e9e ne devrait-elle pas contr\u00f4ler, en m\u00eame temps que la vignette, qu&rsquo;on ne fasse pas un usage abusif de l&rsquo;autocollant \u00ab\u00a0Attention, B\u00e9b\u00e9 \u00e0 bord\u00a0\u00bb, alors qu&rsquo;on transporte un enfant sorti de cet \u00e2ge ?<\/p>\n<p>Et au fait, \u00e0 quel \u00e2ge n&rsquo;est-on plus un b\u00e9b\u00e9 ?<\/p>\n<p>La vie de cet enfant est-elle donc plus pr\u00e9cieuse que celle de ceux que la bagnole qui le transporte pourrait mettre en danger?<\/p>\n<p>Qu&rsquo;en est-il alors de b\u00e9b\u00e9s transport\u00e9s en poussette \u00e0 pied, qui se retrouveraient sur le chemin des roues de cette voiture ? Ils devraient se pousser, ou c\u00e9der le passage pi\u00e9ton ?<\/p>\n<p>Qu&rsquo;en est-il alors de b\u00e9b\u00e9s transport\u00e9s en porte-b\u00e9b\u00e9 sur un v\u00e9lo, \u00e0 qui cette voiture ferait une queue de poisson? Ils n&rsquo;auraient qu&rsquo;\u00e0 se ramasser?<\/p>\n<p>Y&rsquo;a&rsquo;t-il une hi\u00e9rarchie de l&rsquo;importance et\/ou de la fragilit\u00e9 des b\u00e9b\u00e9s, selon la fa\u00e7on dont ils sont transport\u00e9s?<\/p>\n<p>Poser ces questions c&rsquo;est d\u00e9j\u00e0 y r\u00e9pondre : on voit bien que cette hypoth\u00e8se n\u00b01 conduit \u00e0 de nombreuses impasses&#8230;.<\/p>\n<p><strong>Hypoth\u00e8se n\u00b02 : l&rsquo;autocollant signifie que les autres usagers doivent faire particuli\u00e8rement attention \u00e0 l&rsquo;automobile qui le porte.<\/strong><\/p>\n<p>Examinons cette autre possibilit\u00e9 et les questions qu&rsquo;elle soul\u00e8ve.<\/p>\n<p>Est-ce \u00e0 dire qu&rsquo;un b\u00e9b\u00e9 serait une personne tr\u00e8s pr\u00e9cieuse et tr\u00e8s fragile ? Eh bien oui, c&rsquo;est vrai, \u00e0 l&rsquo;\u00e9vidence !!<\/p>\n<p>Mais alors&#8230; il faudrait faire plus attention \u00e0 cette voiture&#8230; qu&rsquo;\u00e0 celles o\u00f9 il n&rsquo;y a pas de b\u00e9b\u00e9 dedans, c&rsquo;est bien \u00e7a?<\/p>\n<p>Doit-on alors consid\u00e9rer qu&rsquo;une bagnole conduite par des personnes d&rsquo;\u00e2ge m\u00fbr voire disons-le carr\u00e9ment, par des vioques, ne m\u00e9riterait pas autant d&rsquo;\u00e9gards? Qu&rsquo;on pourrait davantage la bousculer, klaxonner, queue-de-poissonner, insulter son conducteur ou sa conductrice? Mais alors, \u00e0 quand l&rsquo;autocollant \u00ab\u00a0Faites-vous plaisir, vieux chnoque \u00e0 bord\u00a0\u00bb?<\/p>\n<p>Et au fait, les adultes qui n&rsquo;ont pas d&rsquo;enfants, ne faudrait-il pas aussi leur inventer une signal\u00e9tique appropri\u00e9e? \u00ab\u00a0Klaxonnez, C\u00e9libataire improductif \u00e0 bord\u00a0\u00bb: \u00f4 forces vives procr\u00e9atrices de la nation, faites-vous respecter, et que l&rsquo;inutile se pousse!<\/p>\n<p>C&rsquo;est un peu trivial d&rsquo;avoir \u00e0 le rappeler mais il nous semble \u00e0 nous, qu&rsquo;en vertu de la d\u00e9claration universelle des droits de l&rsquo;homme et de diverses autres consid\u00e9rations (y compris religieuses), la vie de tout un chacun est pr\u00e9cieuse, pour ne citer que les \u00ab\u00a0trois grands \u00e2ges\u00a0\u00bb de l&rsquo;homme:<\/p>\n<p>&#8211; la vie au matin, d&rsquo;un nouveau-n\u00e9 est par essence porteuse d&rsquo;espoir et d&rsquo;avenir : elle est donc pr\u00e9cieuse.<\/p>\n<p>&#8211; la vie au mitan, d&rsquo;un adulte en pleine force de l&rsquo;\u00e2ge et menant vaillamment de front son travail, l&rsquo;\u00e9ducation des enfants et le renoncement \u00e0 ses r\u00eaves d&rsquo;antan, est celle qui fait avancer le monde aujourd&rsquo;hui : elle est donc pr\u00e9cieuse. Tout comme est pr\u00e9cieuse celle de l&rsquo;adulte qui n&rsquo;a pas pu, ou pas voulu avoir des enfants&#8230;<\/p>\n<p>&#8211; la vie au soir, d&rsquo;un vieillard est riche de toute son exp\u00e9rience, de toute la connaissance accumul\u00e9e, de tout ce qu&rsquo;il a encore \u00e0 nous transmettre : elle est donc pr\u00e9cieuse.<\/p>\n<p>Cette seconde hypoth\u00e8se est donc elle aussi g\u00e9n\u00e9ratrice de nombreuses injustices, voire de discriminations inavouables&#8230;<\/p>\n<p><strong>Question subsidiaire : l&rsquo;autocollant \u00ab\u00a0Attention, b\u00e9b\u00e9 \u00e0 bord\u00a0\u00bb a-t&rsquo;il vraiment du sens sur une grosse bagnole?<\/strong><\/p>\n<p>Est-il vraiment n\u00e9cessaire sur un 4&#215;4 de plus de 2 tonnes, qui pourrait \u00e9craser une vache sans m\u00eame que b\u00e9b\u00e9 ne sursaute dans son si\u00e8ge-enfant?<\/p>\n<p>Qui,  parmi les autres usagers de la route, peut vraiment mettre ce b\u00e9b\u00e9-l\u00e0 en danger, \u00e0 part la b\u00eatise et l&rsquo;inconscience \u00e9ventuelle de son g\u00e9niteur\/conducteur?<\/p>\n<p>Sans m\u00eame parler du monde de merde qu&rsquo;un conducteur de 4&#215;4 \u00e9nergivore et polluant va \u00ab\u00a0g\u00e9n\u00e9reusement\u00a0\u00bb (et souvent inconsciemment) laisser \u00e0 son b\u00e9b\u00e9, qu&rsquo;il s&rsquo;imagine prot\u00e9ger en le trimballant ainsi&#8230; Alors qu&rsquo;il contribue \u00e0 lui cr\u00e9er un avenir incertain, moche, dangereux et malsain ! N&rsquo;est-ce pas l\u00e0 le comble de la b\u00eatise automobile?<\/p>\n<p><strong>\u00ab\u00a0Attention, B\u00e9b\u00e9 \u00e0 bord ?\u00a0\u00bb Conclusion :<\/strong><\/p>\n<p>Bref, et \u00e0 moins que vous n&rsquo;ayez une troisi\u00e8me hypoth\u00e8se \u00e0 nous signaler, permettez-nous de conclure de toute cette r\u00e9flexion qu&rsquo;en r\u00e9alit\u00e9 (et uniquement quand elle est r\u00e9fl\u00e9chie, hein, on l&rsquo;a bien pr\u00e9cis\u00e9 d\u00e8s le d\u00e9but!), la pose de cet autocollant \u00ab\u00a0Attention, b\u00e9b\u00e9 \u00e0 bord\u00a0\u00bb r\u00e9v\u00e8le une conception bien triste de la vie!<\/p>\n<p>Puisqu&rsquo;elle r\u00e9v\u00e8le une forme d&rsquo;id\u00e9ologie incivile (voire crypto-chauffarde), in\u00e9galitaire, injuste, irrespectueuse de l&rsquo;Autre en g\u00e9n\u00e9ral, c&rsquo;est-\u00e0-dire: celui qui n&rsquo;est pas MON b\u00e9b\u00e9 et qui n&rsquo;est pas dans MA bagnole&#8230;<\/p>\n<p>Et donc, maintenant que vous savez tout \u00e7a, la bonne nouvelle: cet autocollant prend par contre tout son sens, et il fera m\u00eame sourire, quand vous le d\u00e9collerez de votre bagnole pour le coller&#8230; sur le porte-b\u00e9b\u00e9 de votre v\u00e9lo!<\/p>\n<p><a title=\"http:\/\/collectifcyclistesenragees.over-blog.com\" href=\"http:\/\/collectifcyclistesenragees.over-blog.com\" target=\"_blank\">http:\/\/collectifcyclistesenragees.over-blog.com<\/a><\/p>\n","protected":false},"excerpt":{"rendered":"<p>\u00ab\u00a0Attention, B\u00e9b\u00e9 \u00e0 bord\u00a0\u00bb. L&rsquo;autocollant est tr\u00e8s courant, au point qu&rsquo;on n&rsquo;y pr\u00eate pas vraiment attention. C&rsquo;est dommage, parce qu&rsquo;il dit quelque chose de notre soci\u00e9t\u00e9, si on prend quelques <a class=\"more-link\" href=\"https:\/\/carfree.fr\/index.php\/2012\/09\/07\/attention-bebe-a-bord\/\">Lire la suite&#8230;<\/a><\/p>\n","protected":false},"author":356,"featured_media":18306,"comment_status":"open","ping_status":"open","sticky":false,"template":"","format":"standard","meta":[],"categories":[73],"tags":[224,588,115,845,178],"views":15832,"_links":{"self":[{"href":"https:\/\/carfree.fr\/index.php\/wp-json\/wp\/v2\/posts\/18305"}],"collection":[{"href":"https:\/\/carfree.fr\/index.php\/wp-json\/wp\/v2\/posts"}],"about":[{"href":"https:\/\/carfree.fr\/index.php\/wp-json\/wp\/v2\/types\/post"}],"author":[{"embeddable":true,"href":"https:\/\/carfree.fr\/index.php\/wp-json\/wp\/v2\/users\/356"}],"replies":[{"embeddable":true,"href":"https:\/\/carfree.fr\/index.php\/wp-json\/wp\/v2\/comments?post=18305"}],"version-history":[{"count":0,"href":"https:\/\/carfree.fr\/index.php\/wp-json\/wp\/v2\/posts\/18305\/revisions"}],"wp:featuredmedia":[{"embeddable":true,"href":"https:\/\/carfree.fr\/index.php\/wp-json\/"}],"wp:attachment":[{"href":"https:\/\/carfree.fr\/index.php\/wp-json\/wp\/v2\/media?parent=18305"}],"wp:term":[{"taxonomy":"category","embeddable":true,"href":"https:\/\/carfree.fr\/index.php\/wp-json\/wp\/v2\/categories?post=18305"},{"taxonomy":"post_tag","embeddable":true,"href":"https:\/\/carfree.fr\/index.php\/wp-json\/wp\/v2\/tags?post=18305"}],"curies":[{"name":"wp","href":"https:\/\/api.w.org\/{rel}","templated":true}]}}