{"id":18352,"date":"2012-09-13T08:49:50","date_gmt":"2012-09-13T07:49:50","guid":{"rendered":"http:\/\/carfree.fr\/?p=18352"},"modified":"2020-10-21T14:49:45","modified_gmt":"2020-10-21T13:49:45","slug":"merci-peugeot","status":"publish","type":"post","link":"https:\/\/carfree.fr\/index.php\/2012\/09\/13\/merci-peugeot\/","title":{"rendered":"Merci Peugeot"},"content":{"rendered":"<p><img decoding=\"async\" loading=\"lazy\" title=\"peugeot\" src=\"http:\/\/carfree.fr\/images\/peugeot1.jpg\" alt=\"\" width=\"420\" height=\"200\" \/><\/p>\n<p>Au moment o\u00f9 8.000 salari\u00e9s vont \u00eatre mis \u00e0 la porte et \u00e0 la veille d\u2019une conf\u00e9rence nationale sur l\u2019environnement, Peugeot annonce le lancement d&rsquo;un nouveau 4&#215;4 urbain. <!--more--><\/p>\n<p>Peugeot, c&rsquo;est une gestion d\u00e9sastreuse depuis plusieurs ann\u00e9es point\u00e9e du doigt par le r\u00e9cent rapport Sartorius.<\/p>\n<p>Peugeot, c&rsquo;est 3 milliards de dividendes vers\u00e9s aux actionnaires de 2009 \u00e0 2011 et 2,8 milliards de rachat d\u2019actions pour faire monter artificiellement le cours de l&rsquo;action.<\/p>\n<p>Peugeot, c&rsquo;est un constructeur de voitures qui a tout mis\u00e9 sur le diesel responsable de plus de 42.000 morts par an en France.<\/p>\n<p>Peugeot, c&rsquo;est 8.000 salari\u00e9s menac\u00e9s d&rsquo;\u00eatre mis \u00e0 la porte.<\/p>\n<p>Peugeot, c&rsquo;est un plan social qui \u00e9tait connu d\u00e9j\u00e0 \u00e0 l&rsquo;\u00e9poque de Sarkozy mais que la direction s&rsquo;obstinait \u00e0 nier jusqu&rsquo;\u00e0 aujourd&rsquo;hui, soit 3 mois apr\u00e8s l&rsquo;\u00e9lection pr\u00e9sidentielle.<\/p>\n<p>Peugeot, c&rsquo;est un directeur, Philippe Varin, qui a touch\u00e9 plus de 3 millions d&rsquo;euros de r\u00e9mun\u00e9ration en 2011.<\/p>\n<p>Peugeot, c&rsquo;est un constructeur qui annonce aujourd&rsquo;hui qu&rsquo;il va sortir un 4&#215;4 urbain en 2013, la veille du lancement de la conf\u00e9rence environnementale que doit ouvrir Fran\u00e7ois Hollande vendredi en pr\u00e9sence d&rsquo;une douzaine de ministres afin de lancer le chantier de la transition \u00e9nerg\u00e9tique.<\/p>\n<p>Merci Peugeot.<\/p>\n","protected":false},"excerpt":{"rendered":"<p>Au moment o\u00f9 8.000 salari\u00e9s vont \u00eatre mis \u00e0 la porte et \u00e0 la veille d\u2019une conf\u00e9rence nationale sur l\u2019environnement, Peugeot annonce le lancement d&rsquo;un nouveau 4&#215;4 urbain.<\/p>\n","protected":false},"author":70,"featured_media":18354,"comment_status":"open","ping_status":"open","sticky":false,"template":"","format":"standard","meta":[],"categories":[495,73],"tags":[268,85,1671,193,725,81,393,19,1259],"views":74379,"_links":{"self":[{"href":"https:\/\/carfree.fr\/index.php\/wp-json\/wp\/v2\/posts\/18352"}],"collection":[{"href":"https:\/\/carfree.fr\/index.php\/wp-json\/wp\/v2\/posts"}],"about":[{"href":"https:\/\/carfree.fr\/index.php\/wp-json\/wp\/v2\/types\/post"}],"author":[{"embeddable":true,"href":"https:\/\/carfree.fr\/index.php\/wp-json\/wp\/v2\/users\/70"}],"replies":[{"embeddable":true,"href":"https:\/\/carfree.fr\/index.php\/wp-json\/wp\/v2\/comments?post=18352"}],"version-history":[{"count":0,"href":"https:\/\/carfree.fr\/index.php\/wp-json\/wp\/v2\/posts\/18352\/revisions"}],"wp:featuredmedia":[{"embeddable":true,"href":"https:\/\/carfree.fr\/index.php\/wp-json\/"}],"wp:attachment":[{"href":"https:\/\/carfree.fr\/index.php\/wp-json\/wp\/v2\/media?parent=18352"}],"wp:term":[{"taxonomy":"category","embeddable":true,"href":"https:\/\/carfree.fr\/index.php\/wp-json\/wp\/v2\/categories?post=18352"},{"taxonomy":"post_tag","embeddable":true,"href":"https:\/\/carfree.fr\/index.php\/wp-json\/wp\/v2\/tags?post=18352"}],"curies":[{"name":"wp","href":"https:\/\/api.w.org\/{rel}","templated":true}]}}