{"id":18669,"date":"2012-10-04T13:43:06","date_gmt":"2012-10-04T12:43:06","guid":{"rendered":"http:\/\/carfree.fr\/?p=18669"},"modified":"2016-05-26T09:34:32","modified_gmt":"2016-05-26T08:34:32","slug":"polemique-sur-la-fin-de-lautomobile","status":"publish","type":"post","link":"https:\/\/carfree.fr\/index.php\/2012\/10\/04\/polemique-sur-la-fin-de-lautomobile\/","title":{"rendered":"Pol\u00e9mique sur la fin de l&rsquo;automobile"},"content":{"rendered":"<p><img decoding=\"async\" loading=\"lazy\" title=\"charette_licenciements_automobile\" src=\"http:\/\/carfree.fr\/images\/charette_licenciements_automobile.jpg\" alt=\"\" width=\"420\" height=\"200\" \/><\/p>\n<p>Diable, nous voil\u00e0 embringu\u00e9s au c\u0153ur d&rsquo;une pol\u00e9mique suite \u00e0 la venue de Jean-Luc M\u00e9lenchon au Mondial de l&rsquo;automobile pour \u00ab\u00a0soutenir les travailleurs de l&rsquo;automobile en lutte\u00a0\u00bb. Petite mise au point. <!--more--><\/p>\n<p>Tout part d&rsquo;un <a title=\"http:\/\/www.politis.fr\/Salon-de-l-auto-Jean-Luc-Melenchon,19557.html\" href=\"http:\/\/www.politis.fr\/Salon-de-l-auto-Jean-Luc-Melenchon,19557.html\" target=\"_blank\">article<\/a> de l&rsquo;in\u00e9narrable Claude-Marie Vadrot dans le magazine Politis qui d\u00e9nonce le productivisme de Jean-Luc M\u00e9lenchon. Selon l&rsquo;\u00e9colo-motard Vadrot, en d\u00e9fendant les salari\u00e9s de l&rsquo;automobile, M\u00e9lenchon d\u00e9fend une industrie automobile \u00e0 la d\u00e9rive et devient m\u00eame \u00ab\u00a0<em>l\u2019alli\u00e9 objectif de l\u2019Automobile Club de France et des lobbies de la voiture<\/em>\u00ab\u00a0. Bigre!<\/p>\n<p>Le plus dr\u00f4le, c&rsquo;est que Claude-Marie Vadrot se pr\u00e9sente comme une sorte de m\u00e9lenchoniste d\u00e9\u00e7u, un farouche partisan du Front de Gauche durant l&rsquo;\u00e9lection pr\u00e9sidentielle de 2012, compl\u00e9tement \u00ab\u00a0d\u00e9mystifi\u00e9\u00a0\u00bb par la \u00ab\u00a0<em>croisade politique (de M\u00e9lenchon) pour sauver les voitures<\/em>\u00ab\u00a0.<\/p>\n<p>La r\u00e9ponse (du Parti de Gauche) n&rsquo;a pas tra\u00een\u00e9 et c&rsquo;est Corinne Morel Darleux, secr\u00e9taire nationale \u00e0 l&rsquo;Ecologie du PG, qui a publi\u00e9 une \u00ab\u00a0<a title=\"http:\/\/www.lespetitspoissontrouges.org\/index.php?post\/2012\/10\/03\/R%C3%A9plique-%C3%A0-CM-Vadrot-%3A-Oui%2C-on-peut-%C3%AAtre-%C3%A9colo-et-d%C3%A9fendre-les-travailleurs-de-l-automobile-!\" href=\"http:\/\/www.lespetitspoissontrouges.org\/index.php?post\/2012\/10\/03\/R%C3%A9plique-%C3%A0-CM-Vadrot-%3A-Oui%2C-on-peut-%C3%AAtre-%C3%A9colo-et-d%C3%A9fendre-les-travailleurs-de-l-automobile-!\" target=\"_blank\">r\u00e9plique \u00e0 Claude-Marie Vadrot<\/a>\u00a0\u00bb sur son blog.<\/p>\n<p>Elle accuse \u00e0 son tour Claude-Marie Vadrot et son argumentaire se veut assez percutant: \u00ab\u00a0<em>critiquer ainsi ceux qui soutiennent les salari\u00e9s, c&rsquo;est se ranger du c\u00f4t\u00e9 des actionnaires qui sont justement les vrais responsables de l&rsquo;impasse productive et \u00e9cologique actuelle de l&rsquo;automobile<\/em>\u00ab\u00a0.<\/p>\n<p>S&rsquo;il est vrai que les actionnaires et les capitalistes au sens large ont eu tout int\u00e9r\u00eat \u00e0 massifier les ventes de voitures pour le plus grand bien de leurs profits, il me semble que les automobilistes sont aussi un peu \u00ab\u00a0<em>responsables de l&rsquo;impasse productive et \u00e9cologique actuelle de l&rsquo;automobile<\/em>\u00ab\u00a0.<\/p>\n<p>Et parmi ces automobilistes, il y a&#8230; les salari\u00e9s de l&rsquo;automobile! N&rsquo;oublions pas le concept initial du fordisme, produire des voitures que les ouvriers soient en mesure de pouvoir acheter.<\/p>\n<p>Pour le reste, elle rappelle essentiellement les th\u00e8mes de campagne de M\u00e9lenchon, en particulier la planification \u00e9cologique et l&rsquo;id\u00e9e selon laquelle il faudrait op\u00e9rer une vaste reconversion de l&rsquo;industrie automobile \u00ab\u00a0<em>sur des bases sociales et \u00e9cologiques\u00a0\u00bb<\/em>.<\/p>\n<p>Vous me direz, pourquoi Carfree France se trouverait embringu\u00e9 dans cette pol\u00e9mique? Tout simplement parce que Corinne Morel Darleur se sert d&rsquo;un article de Carfree pour railler l&rsquo;antibagnolisme suppos\u00e9 de Claude-Marie Vadrot.<\/p>\n<p>En mars 2012, nous avions en effet publi\u00e9 un article intitul\u00e9 \u00ab\u00a0<a title=\"http:\/\/carfree.fr\/index.php\/2012\/03\/26\/claude-marie-vadrot-a-raison-de-fermer-sa-gueule\/\" href=\"http:\/\/carfree.fr\/index.php\/2012\/03\/26\/claude-marie-vadrot-a-raison-de-fermer-sa-gueule\/\" target=\"_blank\">Claude-Marie Vadrot a raison de fermer sa gueule<\/a>\u00a0\u00bb pour critiquer le pseudo-\u00e9cologisme d&rsquo;un opposant \u00e0 la voiture&#8230; qui est en fait un farouche partisan de la moto! Sous couvert d&rsquo;\u00e9cologie, le chroniqueur \u00ab\u00a0\u00e9colo\u00a0\u00bb de Politis appara\u00eet en effet comme l&rsquo;alli\u00e9 objectif du lobby des motards&#8230;<\/p>\n<p>Alors qui a raison au bout du compte? A vrai dire, si on analyse les d\u00e9clarations de Jean-Luc M\u00e9lenchon au Mondial de l&rsquo;automobile, il semblerait bien que ce soit Corinne Morel Darleur qui vise juste. Selon Le Point, M\u00e9lenchon aurait d\u00e9clar\u00e9: \u00ab\u00a0<em>dans l&rsquo;automobile le d\u00e9fi est  particuli\u00e8rement important: nous savons que nous devons sortir de  l&rsquo;\u00e9nergie carbon\u00e9e et du p\u00e9trole et nous ne pourrons le faire sans  inventivit\u00e9. Ce sont les travailleurs qui ont ce savoir-faire<\/em>\u00ab\u00a0.<\/p>\n<p>Cela colle plut\u00f4t bien avec l&rsquo;id\u00e9e de planification \u00e9cologique et de reconversion de la fili\u00e8re. Donc, il appara\u00eet bien une fois de plus que Claude-Marie Vadrot raconte vraiment n&rsquo;importe quoi.<\/p>\n<p>Sauf que tout ceci reste bien flou&#8230; Il faut \u00ab\u00a0reconvertir\u00a0\u00bb la fili\u00e8re sans trop dire clairement de quoi il s&rsquo;agit. Faire des tramways? Des \u00e9oliennes? Des voitures \u00e9lectriques? On ne sait pas trop&#8230;<\/p>\n<p>En outre, l&rsquo;article publi\u00e9 par Corinne Morel Darleux n&rsquo;est pas non plus sans contradictions. D&rsquo;un certain point de vue, selon le Parti de Gauche, il faut arr\u00eater de construire des voitures mais&#8230; les gens ont toujours besoin des voitures:<\/p>\n<blockquote><p><em>\u00ab\u00a0Car on ne peut par ailleurs aujourd&rsquo;hui nier l&rsquo;utilit\u00e9 sociale et le besoin fonctionnel de la voiture ! Eh oui, h\u00e9las, dans nombre de nos zones rurales, on n&rsquo;a juste pas le choix pour se d\u00e9placer, aller au boulot, faire les courses ou emmener les gamins \u00e0 l&rsquo;\u00e9cole.\u00a0\u00bb<\/em><\/p><\/blockquote>\n<p>Sur ce coup, le Parti de Gauche semble atteindre la limite de son raisonnement. La voiture, c&rsquo;est fini, il faut reconvertir l&rsquo;industrie automobile, mais les gens ont encore besoin de la voiture&#8230;<\/p>\n<p>Ce \u00ab\u00a0juste pas le choix\u00a0\u00bb, on le conna\u00eet bien sur Carfree France, c&rsquo;est la r\u00e9ponse la plus fr\u00e9quemment employ\u00e9e par les partisans inconditionnels de la voiture. Car une fois qu&rsquo;on leur donne tous les arguments rationnels pour en finir avec la bagnole, la plupart des automobilistes acquiesce mais conclut \u00ab\u00a0qu&rsquo;on a juste pas le choix\u00a0\u00bb&#8230;<\/p>\n<p>Nous pensons au contraire que nous avons encore le choix, du moins  pour l&rsquo;instant, d&rsquo;envisager une autre soci\u00e9t\u00e9 que la soci\u00e9t\u00e9 actuelle de  l&rsquo;automobile. C&rsquo;est seulement si nous ne faisons pas les bons choix  maintenant, que nous risquons de ne plus avoir le choix dans le futur.<\/p>\n<p>L&rsquo;horloge tourne, la fin du p\u00e9trole, le r\u00e9chauffement climatique et  la pollution g\u00e9n\u00e9ralis\u00e9e feront sinon les choix pour nous. Et \u00e7a risque  d&rsquo;\u00eatre particuli\u00e8rement douloureux.<\/p>\n<p>En fait, il semblerait que les salari\u00e9s de l&rsquo;automobile et le Parti de Gauche ne soient pas encore remis de la rupture historique du contrat moral fordiste. Aujourd&rsquo;hui, l&rsquo;industrie automobile ne souhaite pas sp\u00e9cialement vendre des voitures \u00e0 ses salari\u00e9s; en fait, elle ne souhaite m\u00eame plus avoir de salari\u00e9s du tout dans les pays d\u00e9velopp\u00e9s!<\/p>\n<p>Le parc automobile est satur\u00e9 en occident, c&rsquo;est un march\u00e9 de renouvellement qui peine \u00e0 se renouveler. Seuls les vieux ont encore les moyens d&rsquo;acheter des voitures neuves. Les constructeurs ne s&rsquo;y trompent pas en investissant, comme Renault, au Maroc. Mais l&rsquo;avenir, c&rsquo;est la Chine, l&rsquo;Indon\u00e9sie et l&rsquo;Inde. Leur objectif est clair: que chaque chinois et chaque indien ait une voiture! Et ce ne seront pas des salari\u00e9s fran\u00e7ais qui les produiront!<\/p>\n<p>Un groupe comme Renault employait pr\u00e8s de 250.000 salari\u00e9s \u00e0 la fin des ann\u00e9es 70; aujourd&rsquo;hui, c&rsquo;est deux fois moins, tout en produisant pr\u00e8s de deux fois plus de voitures par an! La robotisation est pass\u00e9e par l\u00e0&#8230; Et pour ce qui n&rsquo;est pas enti\u00e8rement automatisable, autant employer des salari\u00e9s dans les pays du Sud!<\/p>\n<p>En fait, les quelques dizaines de milliers de salari\u00e9s encore employ\u00e9s dans l&rsquo;automobile en France le sont uniquement \u00e0 des fins politiques, \u00e0 coup de subventions et de soutien public de la fili\u00e8re depuis maintenant des ann\u00e9es. Comme dans le cas de la sid\u00e9rurgie des ann\u00e9es 80, quand les politiques diront stop, les salari\u00e9s de l&rsquo;automobile n&rsquo;auront plus que leurs yeux pour pleurer&#8230;<\/p>\n<p>Et le pire dans tout \u00e7a, c&rsquo;est que nous finan\u00e7ons avec nos imp\u00f4ts le maintien d&rsquo;une fili\u00e8re dont le but est de pourrir la plan\u00e8te avec des milliards de voitures pour le plus grand profit des actionnaires et en se passant des salari\u00e9s fran\u00e7ais.<\/p>\n<p>Alors, ce \u00ab\u00a0juste pas le choix\u00a0\u00bb de\u00a0\u00bb Corinne Morel Darleux, c&rsquo;est en fait l&rsquo;ali\u00e9nation volontaire d&rsquo;une arm\u00e9e de salari\u00e9s qui travaille \u00e0 sa propre perte.<\/p>\n<p><em><a href=\"http:\/\/lasserpe.blogs.sudouest.fr\/tag\/licenciements\" target=\"_blank\">Illustration : Lasserpe<\/a><\/em><strong><br \/>\n<\/strong><\/p>\n","protected":false},"excerpt":{"rendered":"<p>Diable, nous voil\u00e0 embringu\u00e9s au c\u0153ur d&rsquo;une pol\u00e9mique suite \u00e0 la venue de Jean-Luc M\u00e9lenchon au Mondial de l&rsquo;automobile pour \u00ab\u00a0soutenir les travailleurs de l&rsquo;automobile en lutte\u00a0\u00bb. Petite mise au <a class=\"more-link\" href=\"https:\/\/carfree.fr\/index.php\/2012\/10\/04\/polemique-sur-la-fin-de-lautomobile\/\">Lire la suite&#8230;<\/a><\/p>\n","protected":false},"author":18,"featured_media":18670,"comment_status":"open","ping_status":"open","sticky":false,"template":"","format":"standard","meta":[],"categories":[73],"tags":[1106,477,153,85,725,143,81,922,61,393,313,287,784,1029,235,213],"views":5940,"_links":{"self":[{"href":"https:\/\/carfree.fr\/index.php\/wp-json\/wp\/v2\/posts\/18669"}],"collection":[{"href":"https:\/\/carfree.fr\/index.php\/wp-json\/wp\/v2\/posts"}],"about":[{"href":"https:\/\/carfree.fr\/index.php\/wp-json\/wp\/v2\/types\/post"}],"author":[{"embeddable":true,"href":"https:\/\/carfree.fr\/index.php\/wp-json\/wp\/v2\/users\/18"}],"replies":[{"embeddable":true,"href":"https:\/\/carfree.fr\/index.php\/wp-json\/wp\/v2\/comments?post=18669"}],"version-history":[{"count":0,"href":"https:\/\/carfree.fr\/index.php\/wp-json\/wp\/v2\/posts\/18669\/revisions"}],"wp:featuredmedia":[{"embeddable":true,"href":"https:\/\/carfree.fr\/index.php\/wp-json\/"}],"wp:attachment":[{"href":"https:\/\/carfree.fr\/index.php\/wp-json\/wp\/v2\/media?parent=18669"}],"wp:term":[{"taxonomy":"category","embeddable":true,"href":"https:\/\/carfree.fr\/index.php\/wp-json\/wp\/v2\/categories?post=18669"},{"taxonomy":"post_tag","embeddable":true,"href":"https:\/\/carfree.fr\/index.php\/wp-json\/wp\/v2\/tags?post=18669"}],"curies":[{"name":"wp","href":"https:\/\/api.w.org\/{rel}","templated":true}]}}