{"id":18713,"date":"2012-10-06T08:02:10","date_gmt":"2012-10-06T07:02:10","guid":{"rendered":"http:\/\/carfree.fr\/?p=18713"},"modified":"2016-05-26T09:34:23","modified_gmt":"2016-05-26T08:34:23","slug":"velorution-au-salon-de-lautodebile","status":"publish","type":"post","link":"https:\/\/carfree.fr\/index.php\/2012\/10\/06\/velorution-au-salon-de-lautodebile\/","title":{"rendered":"V\u00e9lorution au salon de l&rsquo;autod\u00e9bile"},"content":{"rendered":"<p><img decoding=\"async\" loading=\"lazy\" title=\"velorution-paris\" src=\"http:\/\/carfree.fr\/images\/velorution-paris.jpg\" alt=\"\" width=\"420\" height=\"200\" \/><\/p>\n<p>Si vous avez envie de passer pour un extra-terrestre, rendez-vous \u00e0 16 heures au mondial de l&rsquo;autodestruction pour lire au m\u00e9gaphone des passages d'\u00a0\u00bb\u00c9nergie et \u00e9quit\u00e9\u00a0\u00bb d&rsquo;Ivan Illich! <!--more--><\/p>\n<p>\u00c0 la porte de Versailles \u00e0 Paris, le pass\u00e9, c&rsquo;est maintenant. V\u00e9lorution y fera un saut spatio-temporel samedi apr\u00e8s-midi.<\/p>\n<p>Pour d\u00e9noncer la tenue du salon de l&rsquo;autodestruction, pour une ville plus humaine, plus respirable, plus vivable. Pour d\u00e9noncer la forte consommation d&rsquo;\u00e9nergie qui renforce les in\u00e9galit\u00e9s sociales. Contre le r\u00e8gne des moteurs qui double l\u2019exploitation \u00e9cologique d&rsquo;une exploitation sociale et psychologique.<\/p>\n<p>Il sera donn\u00e9 une lecture publique et m\u00e9gaphonique d'\u00a0\u00bb<a title=\"http:\/\/carfree.fr\/index.php\/2008\/02\/03\/energie-et-equite-1973\/\" href=\"http:\/\/carfree.fr\/index.php\/2008\/02\/03\/energie-et-equite-1973\/\" target=\"_blank\">\u00c9nergie et \u00e9quit\u00e9<\/a>\u00a0\u00bb d&rsquo;Ivan Illich. Venez participer en lisant votre paragraphe !<\/p>\n<p>\u00ab\u00a0<em>Entre des hommes libres, des rapports sociaux productifs vont \u00e0 l\u2019allure d\u2019une bicyclette, et pas plus vite.<\/em>\u00a0\u00bb (Ivan Illich)<\/p>\n<p><strong>Samedi 6 octobre.<br \/>\nRendez-vous \u00e0 14h pl de la Bastille, \u00e0 v\u00e9lo.<br \/>\nRendez-vous \u00e0 16h devant le salon de l&rsquo;autodestruction.<\/strong><br \/>\n<a title=\"http:\/\/velorution.org\" href=\"http:\/\/velorution.org\" target=\"_blank\">http:\/\/velorution.org<\/a><\/p>\n","protected":false},"excerpt":{"rendered":"<p>Si vous avez envie de passer pour un extra-terrestre, rendez-vous \u00e0 16 heures au mondial de l&rsquo;autodestruction pour lire au m\u00e9gaphone des passages d&rsquo;\u00a0\u00bb\u00c9nergie et \u00e9quit\u00e9\u00a0\u00bb d&rsquo;Ivan Illich!<\/p>\n","protected":false},"author":168,"featured_media":18714,"comment_status":"open","ping_status":"open","sticky":false,"template":"","format":"standard","meta":[],"categories":[73,7],"tags":[181,646,68,67,106,213,1664,113],"views":5243,"_links":{"self":[{"href":"https:\/\/carfree.fr\/index.php\/wp-json\/wp\/v2\/posts\/18713"}],"collection":[{"href":"https:\/\/carfree.fr\/index.php\/wp-json\/wp\/v2\/posts"}],"about":[{"href":"https:\/\/carfree.fr\/index.php\/wp-json\/wp\/v2\/types\/post"}],"author":[{"embeddable":true,"href":"https:\/\/carfree.fr\/index.php\/wp-json\/wp\/v2\/users\/168"}],"replies":[{"embeddable":true,"href":"https:\/\/carfree.fr\/index.php\/wp-json\/wp\/v2\/comments?post=18713"}],"version-history":[{"count":0,"href":"https:\/\/carfree.fr\/index.php\/wp-json\/wp\/v2\/posts\/18713\/revisions"}],"wp:featuredmedia":[{"embeddable":true,"href":"https:\/\/carfree.fr\/index.php\/wp-json\/"}],"wp:attachment":[{"href":"https:\/\/carfree.fr\/index.php\/wp-json\/wp\/v2\/media?parent=18713"}],"wp:term":[{"taxonomy":"category","embeddable":true,"href":"https:\/\/carfree.fr\/index.php\/wp-json\/wp\/v2\/categories?post=18713"},{"taxonomy":"post_tag","embeddable":true,"href":"https:\/\/carfree.fr\/index.php\/wp-json\/wp\/v2\/tags?post=18713"}],"curies":[{"name":"wp","href":"https:\/\/api.w.org\/{rel}","templated":true}]}}