{"id":18748,"date":"2012-10-11T09:03:17","date_gmt":"2012-10-11T08:03:17","guid":{"rendered":"http:\/\/carfree.fr\/?p=18748"},"modified":"2016-05-26T09:33:11","modified_gmt":"2016-05-26T08:33:11","slug":"loco-motion","status":"publish","type":"post","link":"https:\/\/carfree.fr\/index.php\/2012\/10\/11\/loco-motion\/","title":{"rendered":"LOCO motion"},"content":{"rendered":"<p><img decoding=\"async\" loading=\"lazy\" title=\"loco-motion\" src=\"http:\/\/carfree.fr\/images\/loco-motion.jpg\" alt=\"\" width=\"420\" height=\"200\" \/><\/p>\n<p>Un cycle qui roule en diagonale et en zigzag au travers des relations  qu\u2019entretient l\u2019humain avec les moyens de transport. Aux c\u00f4t\u00e9s du v\u00e9lo  qui exige de bons mollets et du train de la pr\u00e9cision, la voiture  appara\u00eet comme un v\u00e9hicule ais\u00e9 \u00e0 conduire&#8230; Mais est-ce vraiment le  cas? <!--more--><\/p>\n<p>L\u2019histoire du cin\u00e9ma a commenc\u00e9 en train ou presque, avec la fameuse \u00abArriv\u00e9e d\u2019un train en gare de La Ciotat\u00bb immortalis\u00e9e en 1897 par les Fr\u00e8res Lumi\u00e8re. Cette vue inaugure le lien \u00e9troit qui unit d\u00e8s les origines le cin\u00e9ma et les moyens de transport, comme un clin d\u2019oeil de l\u2019invention qui capture le mouvement vers une machine qui l\u2019acc\u00e9l\u00e8re. Mais ce n\u2019\u00e9tait l\u00e0 que le d\u00e9but du voyage: la vitesse et la mobilit\u00e9 \u00e9tant des caract\u00e9ristiques embl\u00e9matiques de la modernit\u00e9, le cin\u00e9ma n\u2019aura de cesse de les mettre en sc\u00e8ne.<\/p>\n<p>Ce cycle vous propose d\u00e8s lors d\u2019explorer le vaste territoire des relations entre la locomotion et le cin\u00e9ma dans toute sa richesse et sa vari\u00e9t\u00e9. Pour faire un choix dans tous ces itin\u00e9raires possibles, nous avons emprunt\u00e9 deux grands axes qui se sont impos\u00e9s d\u2019eux-m\u00eames. Si les moyens de transport peuvent lib\u00e9rer l\u2019homme de certaines contraintes de l\u2019espace, en lui permettant d\u2019accomplir des p\u00e9riples au long cours, de d\u00e9couvrir les terres inconnues, d\u2019aller \u00e0 la rencontre de l\u2019autre, ou encore de lui permettre de d\u00e9passer ses limites, ils peuvent aussi constituer une menace: celle de s\u2019\u00e9garer dans le vaste monde, mais aussi, de perdre son identit\u00e9, voire son int\u00e9grit\u00e9.<\/p>\n<p>Bien souvent, les moyens de transport ne se contentent pas de modifier ou d\u2019alt\u00e9rer l\u2019espace urbain ou naturel: ils modifient aussi la personne qui les emprunte, puisque tout voyage dans le monde est aussi un voyage int\u00e9rieur. Un film qui propose un d\u00e9placement dans l\u2019espace provoque presque immanquablement un d\u00e9placement de sens, tant il est vrai que l\u2019\u00e9motion est d\u2019abord un mouvement, comme le r\u00e9v\u00e8le la formule godardienne \u00abmotion is emotion\u00bb. \u00abLoco motion\u00bb: ce voyage peut parfois mener jusqu\u2019\u00e0 la folie.<\/p>\n<p>\u00c0 l\u2019heure o\u00f9 la plan\u00e8te r\u00e9tr\u00e9cit de jour en jour, o\u00f9 la mobilit\u00e9 humaine implique des enjeux de soci\u00e9t\u00e9 tant au niveau \u00e9cologique que politique, o\u00f9 la \u00abguerre des transports\u00bb fait rage dans nos cit\u00e9s, mais o\u00f9 les moyens de nous d\u00e9placer nous offrent aussi des opportunit\u00e9s fantastiques, il nous paraissait essentiel de questionner la probl\u00e9matique de la mobilit\u00e9 humaine \u00e0 l\u2019aune du regard cin\u00e9matographique. L\u2019occasion peut-\u00eatre d\u2019un arr\u00eat sur image pour repenser le mouvement.<\/p>\n<p>Bienvenue \u00e0 bord et bon voyage!<\/p>\n<p><strong>Festival LOCO motion<\/strong><\/p>\n<p>Auditorium Arditi<br \/>\nPlace du Cirque | Gen\u00e8ve<br \/>\nTous les lundis \u00e0 20h<br \/>\ndu 1er octobre au 17 d\u00e9cembre 2012<\/p>\n<p><a title=\"http:\/\/a-c.ch\/?p=5701\" href=\"http:\/\/a-c.ch\/?p=5701\" target=\"_blank\">http:\/\/a-c.ch\/?p=5701<\/a><\/p>\n","protected":false},"excerpt":{"rendered":"<p>Un cycle qui roule en diagonale et en zigzag au travers des relations qu\u2019entretient l\u2019humain avec les moyens de transport. Aux c\u00f4t\u00e9s du v\u00e9lo qui exige de bons mollets et <a class=\"more-link\" href=\"https:\/\/carfree.fr\/index.php\/2012\/10\/11\/loco-motion\/\">Lire la suite&#8230;<\/a><\/p>\n","protected":false},"author":1390,"featured_media":18749,"comment_status":"open","ping_status":"open","sticky":false,"template":"","format":"standard","meta":[],"categories":[4,9,72,8,7],"tags":[853,711,467,134,105,1158],"views":5110,"_links":{"self":[{"href":"https:\/\/carfree.fr\/index.php\/wp-json\/wp\/v2\/posts\/18748"}],"collection":[{"href":"https:\/\/carfree.fr\/index.php\/wp-json\/wp\/v2\/posts"}],"about":[{"href":"https:\/\/carfree.fr\/index.php\/wp-json\/wp\/v2\/types\/post"}],"author":[{"embeddable":true,"href":"https:\/\/carfree.fr\/index.php\/wp-json\/wp\/v2\/users\/1390"}],"replies":[{"embeddable":true,"href":"https:\/\/carfree.fr\/index.php\/wp-json\/wp\/v2\/comments?post=18748"}],"version-history":[{"count":0,"href":"https:\/\/carfree.fr\/index.php\/wp-json\/wp\/v2\/posts\/18748\/revisions"}],"wp:featuredmedia":[{"embeddable":true,"href":"https:\/\/carfree.fr\/index.php\/wp-json\/"}],"wp:attachment":[{"href":"https:\/\/carfree.fr\/index.php\/wp-json\/wp\/v2\/media?parent=18748"}],"wp:term":[{"taxonomy":"category","embeddable":true,"href":"https:\/\/carfree.fr\/index.php\/wp-json\/wp\/v2\/categories?post=18748"},{"taxonomy":"post_tag","embeddable":true,"href":"https:\/\/carfree.fr\/index.php\/wp-json\/wp\/v2\/tags?post=18748"}],"curies":[{"name":"wp","href":"https:\/\/api.w.org\/{rel}","templated":true}]}}