{"id":18751,"date":"2012-10-10T08:09:13","date_gmt":"2012-10-10T07:09:13","guid":{"rendered":"http:\/\/carfree.fr\/?p=18751"},"modified":"2016-05-24T20:10:07","modified_gmt":"2016-05-24T19:10:07","slug":"les-velos-a-assistance-electrique-ne-sont-pas-assez-chers","status":"publish","type":"post","link":"https:\/\/carfree.fr\/index.php\/2012\/10\/10\/les-velos-a-assistance-electrique-ne-sont-pas-assez-chers\/","title":{"rendered":"Les v\u00e9los \u00e0 assistance \u00e9lectrique ne sont pas assez chers"},"content":{"rendered":"<p><img decoding=\"async\" loading=\"lazy\" title=\"voiture-electrique-VS-VAE\" src=\"http:\/\/carfree.fr\/images\/voiture-electrique-VS-VAE.jpg\" alt=\"\" width=\"420\" height=\"200\" \/><\/p>\n<p>Alors que toutes les voitures \u00e9lectriques produites en France  b\u00e9n\u00e9ficient d\u2019une prime \u00e0 l\u2019achat de 7000 Euros allou\u00e9e par l\u2019\u00e9tat , les  aides pour un v\u00e9lo \u00e9lectrique sont laiss\u00e9es \u00e0 la charge et \u00e0  l\u2019initiative \u00a0de quelques \u00a0grandes communes comme Lyon, Paris, Nice\u2026Voila une bien curieuse fa\u00e7on de r\u00e9duire les d\u00e9penses de l\u2019\u00e9tat et  une profonde injustice. <!--more--><\/p>\n<p>En effet 7000 Euros repr\u00e9sentent\u00a0 environ 25 \u00e0 30\u00a0%\u00a0 du prix d\u2019une\u00a0  voiture \u00e9lectrique. Hors, le but lorsqu\u2019on ach\u00e8te une telle voiture, ce  n\u2019est pas de faire tourner des usines, c\u2019est d\u2019acqu\u00e9rir un v\u00e9hicule  pour un usage urbain,\u00a0 souvent pour se rendre au boulot, seul et pas  bien loin. Cette fonction peut \u00eatre r\u00e9alis\u00e9e tout \u00a0aussi bien par un  v\u00e9lo \u00e0 assistance \u00e9lectrique dont le prix se situe aux environs de 1500  Euros, donc accessible\u00a0 \u00e0 des foyers modestes.\u00a0 Alors pourquoi l\u2019\u00e9tat  ne prend-il pas aussi \u00e0 sa charge 30\u00a0% du co\u00fbt de tous les\u00a0 VAE\u00a0 ? Cela  repr\u00e9senterait\u00a0 300 \u00e0 450 Euros selon les mod\u00e8les . Ainsi \u00a0avec 7000  euros voila de quoi favoriser l\u2019achat de 15 \u00e0 20 engins \u00a0au lieu d\u2019un  seul. La demande des usagers est bien l\u00e0, il n\u2019y a qu\u2019 a comparer les  ventes.<\/p>\n<p>Subventionner des voitures\u00a0 dont personne ne veut n\u2019est\u00a0 pas  raisonnable. Si le march\u00e9 n\u2019est pas porteur il faut l\u2019accepter et  pr\u00e9parer la reconversion des grosses usines vers des secteurs plus  prometteurs comme les transports collectifs.<\/p>\n<p>Le dopage n\u2019est jamais bon, m\u00eame pour des voitures, cela ne fait que  fausser les cartes\u00a0 et on le sait t\u00f4t ou tard \u00e7a vous p\u00e8te \u00e0 la  figure. En fait \u00e7a n\u2019est, ni raisonnable, ni tenable, ni durable.<\/p>\n<p><a title=\"http:\/\/lamassecritique.fr\/\" href=\"http:\/\/lamassecritique.fr\/\" target=\"_blank\">http:\/\/lamassecritique.fr\/<\/a><\/p>\n","protected":false},"excerpt":{"rendered":"<p>Alors que toutes les voitures \u00e9lectriques produites en France b\u00e9n\u00e9ficient d\u2019une prime \u00e0 l\u2019achat de 7000 Euros allou\u00e9e par l\u2019\u00e9tat , les aides pour un v\u00e9lo \u00e9lectrique sont laiss\u00e9es \u00e0 <a class=\"more-link\" href=\"https:\/\/carfree.fr\/index.php\/2012\/10\/10\/les-velos-a-assistance-electrique-ne-sont-pas-assez-chers\/\">Lire la suite&#8230;<\/a><\/p>\n","protected":false},"author":260,"featured_media":18752,"comment_status":"open","ping_status":"open","sticky":false,"template":"","format":"standard","meta":[],"categories":[4,73,7],"tags":[158,383,106,47,1198,524,1664,363],"views":7669,"_links":{"self":[{"href":"https:\/\/carfree.fr\/index.php\/wp-json\/wp\/v2\/posts\/18751"}],"collection":[{"href":"https:\/\/carfree.fr\/index.php\/wp-json\/wp\/v2\/posts"}],"about":[{"href":"https:\/\/carfree.fr\/index.php\/wp-json\/wp\/v2\/types\/post"}],"author":[{"embeddable":true,"href":"https:\/\/carfree.fr\/index.php\/wp-json\/wp\/v2\/users\/260"}],"replies":[{"embeddable":true,"href":"https:\/\/carfree.fr\/index.php\/wp-json\/wp\/v2\/comments?post=18751"}],"version-history":[{"count":0,"href":"https:\/\/carfree.fr\/index.php\/wp-json\/wp\/v2\/posts\/18751\/revisions"}],"wp:featuredmedia":[{"embeddable":true,"href":"https:\/\/carfree.fr\/index.php\/wp-json\/"}],"wp:attachment":[{"href":"https:\/\/carfree.fr\/index.php\/wp-json\/wp\/v2\/media?parent=18751"}],"wp:term":[{"taxonomy":"category","embeddable":true,"href":"https:\/\/carfree.fr\/index.php\/wp-json\/wp\/v2\/categories?post=18751"},{"taxonomy":"post_tag","embeddable":true,"href":"https:\/\/carfree.fr\/index.php\/wp-json\/wp\/v2\/tags?post=18751"}],"curies":[{"name":"wp","href":"https:\/\/api.w.org\/{rel}","templated":true}]}}