{"id":18796,"date":"2012-10-16T08:37:26","date_gmt":"2012-10-16T07:37:26","guid":{"rendered":"http:\/\/carfree.fr\/?p=18796"},"modified":"2022-05-20T16:09:08","modified_gmt":"2022-05-20T15:09:08","slug":"les-velos-cargo-de-strasbourg","status":"publish","type":"post","link":"https:\/\/carfree.fr\/index.php\/2012\/10\/16\/les-velos-cargo-de-strasbourg\/","title":{"rendered":"Les v\u00e9los-cargo de Strasbourg"},"content":{"rendered":"<p>Avec le Christiania Bike, le v\u00e9lo-cargo a r\u00e9volutionn\u00e9 la mobilit\u00e9 \u00e0 Copenhague d\u00e8s les ann\u00e9es 1980. Depuis, d&rsquo;autres v\u00e9los-cargo sur deux ou trois roues sont apparu (ou r\u00e9apparu) dans les rues de Copenhague ou d&rsquo;ailleurs. Aujourd&rsquo;hui, Strasbourg est peut-\u00eatre la capitale fran\u00e7aise du v\u00e9lo-cargo. <!--more--><\/p>\n<p>M\u00eame si le triporteur existe depuis la fin du 19 \u00e8me si\u00e8cle, le Christiania bike a remis au gout du jour ce type de v\u00e9lo aussi appel\u00e9 cargo-bike ou v\u00e9lo-cargo et a su l\u2019adapter \u00e0 la vie de tous les jours.<\/p>\n<p>Certains sont principalement utilis\u00e9s par des coursiers pour transporter des biens, d&rsquo;autres sont pr\u00e9vus pour transporter jusqu&rsquo;\u00e0 quatre enfants en toute s\u00e9curit\u00e9&#8230;<\/p>\n<p>Ce triporteur est maintenant pr\u00e9sent sur toute la plan\u00e8te, du Japon \u00e0 l\u2019Australie en passant par les Etats-Unis, l\u2019Europe et m\u00eame Strasbourg puisque l\u2019auteur de cet article y roule r\u00e9guli\u00e8rement au guidon de ce merveilleux v\u00e9lo\u2026<\/p>\n<p>En compl\u00e9ment \u00e0 l\u2019article de rue 89 sur les <a title=\"http:\/\/www.rue89strasbourg.com\/index.php\/2012\/10\/10\/vie-pratique\/velo-cargo-la-nouvelle-star-des-pistes-cyclables-a-strasbourg\/\" href=\"http:\/\/www.rue89strasbourg.com\/index.php\/2012\/10\/10\/vie-pratique\/velo-cargo-la-nouvelle-star-des-pistes-cyclables-a-strasbourg\/\" target=\"_blank\" rel=\"noopener\">v\u00e9los-cargo \u00e0 Strasbourg<\/a>, vous trouverez ci-dessous quelques photos des diff\u00e9rents types de v\u00e9los-cargo rencontr\u00e9s \u00e0 Strasbourg au cours des pr\u00e9c\u00e9dents mois.<\/p>\n<p><img decoding=\"async\" loading=\"lazy\" class=\"alignnone size-thumbnail wp-image-18844\" title=\"DSC_0037\" src=\"http:\/\/carfree.fr\/images\/DSC_0037-213x290.jpg\" alt=\"\" width=\"213\" height=\"290\" \/> <img decoding=\"async\" loading=\"lazy\" class=\"alignnone size-thumbnail wp-image-18845\" title=\"DSC_1203\" src=\"http:\/\/carfree.fr\/images\/DSC_1203-213x290.jpg\" alt=\"\" width=\"213\" height=\"290\" \/><\/p>\n<p><img decoding=\"async\" loading=\"lazy\" class=\"alignnone size-thumbnail wp-image-18846\" title=\"DSC_1362\" src=\"http:\/\/carfree.fr\/images\/DSC_1362-213x290.jpg\" alt=\"\" width=\"213\" height=\"290\" \/> <img decoding=\"async\" loading=\"lazy\" class=\"alignnone size-thumbnail wp-image-18847\" title=\"DSC_2604\" src=\"http:\/\/carfree.fr\/images\/DSC_2604-213x290.jpg\" alt=\"\" width=\"213\" height=\"290\" \/><\/p>\n<p><img decoding=\"async\" loading=\"lazy\" class=\"alignnone size-thumbnail wp-image-18848\" title=\"DSC_2138\" src=\"http:\/\/carfree.fr\/images\/DSC_2138-290x212.jpg\" alt=\"\" width=\"290\" height=\"212\" \/><\/p>\n<p><img decoding=\"async\" loading=\"lazy\" class=\"alignnone size-thumbnail wp-image-18849\" title=\"DSC_3214\" src=\"http:\/\/carfree.fr\/images\/DSC_3214-290x202.jpg\" alt=\"\" width=\"290\" height=\"202\" \/><\/p>\n<p><img decoding=\"async\" loading=\"lazy\" class=\"alignnone size-thumbnail wp-image-18850\" title=\"DSC_3861\" src=\"http:\/\/carfree.fr\/images\/DSC_3861-290x212.jpg\" alt=\"\" width=\"290\" height=\"212\" \/><\/p>\n<p><img decoding=\"async\" loading=\"lazy\" class=\"alignnone size-thumbnail wp-image-18851\" title=\"DSC_3943\" src=\"http:\/\/carfree.fr\/images\/DSC_3943-290x212.jpg\" alt=\"\" width=\"290\" height=\"212\" \/><\/p>\n<p>Les plus pr\u00e9sents sont les bakfiets, suivi des Big Babboe. Pour les professionnels, le Bullit est le cargo bike le plus adapt\u00e9. Il est capacitaire, plus l\u00e9ger (cadre en aluminium) et propose une position de conduite plus nerveuse. Pour ceux qui souhaiteraient tester un Bullitt, sachez que Velhop en propose 3 \u00e0 la location (un rouge, un noir et un blanc). Il faut juste tomber sur la bonne personne et le pr\u00e9voir \u00e0 l&rsquo;avance car tout le personnel ne semble malheureusement pas au courant&#8230;<\/p>\n<p><img decoding=\"async\" loading=\"lazy\" class=\"alignnone size-thumbnail wp-image-18854\" title=\"DSC_4083\" src=\"http:\/\/carfree.fr\/images\/DSC_4083-213x290.jpg\" alt=\"\" width=\"213\" height=\"290\" \/> <img decoding=\"async\" loading=\"lazy\" class=\"alignnone size-thumbnail wp-image-18855\" title=\"DSC_6841\" src=\"http:\/\/carfree.fr\/images\/DSC_6841-213x290.jpg\" alt=\"\" width=\"213\" height=\"290\" \/><\/p>\n<p><img decoding=\"async\" loading=\"lazy\" class=\"alignnone size-thumbnail wp-image-18856\" title=\"DSC_9431\" src=\"http:\/\/carfree.fr\/images\/DSC_9431-290x212.jpg\" alt=\"\" width=\"290\" height=\"212\" \/><\/p>\n<p><img decoding=\"async\" loading=\"lazy\" class=\"alignnone size-thumbnail wp-image-18857\" title=\"DSC_9920\" src=\"http:\/\/carfree.fr\/images\/DSC_9920-290x212.jpg\" alt=\"\" width=\"290\" height=\"212\" \/><\/p>\n<p><img decoding=\"async\" loading=\"lazy\" class=\"alignnone size-thumbnail wp-image-18858\" title=\"DSC_9564\" src=\"http:\/\/carfree.fr\/images\/DSC_9564-213x290.jpg\" alt=\"\" width=\"213\" height=\"290\" \/> <img decoding=\"async\" loading=\"lazy\" class=\"alignnone size-thumbnail wp-image-18860\" title=\"DSC_8095\" src=\"http:\/\/carfree.fr\/images\/DSC_8095-213x290.jpg\" alt=\"\" width=\"213\" height=\"290\" \/><\/p>\n<p><img decoding=\"async\" loading=\"lazy\" class=\"alignnone size-thumbnail wp-image-18861\" title=\"DSC_7620\" src=\"http:\/\/carfree.fr\/images\/DSC_7620-213x290.jpg\" alt=\"\" width=\"213\" height=\"290\" \/> <img decoding=\"async\" loading=\"lazy\" class=\"alignnone size-thumbnail wp-image-18862\" title=\"DSC_8249\" src=\"http:\/\/carfree.fr\/images\/DSC_8249-213x290.jpg\" alt=\"\" width=\"213\" height=\"290\" \/><\/p>\n<p><img decoding=\"async\" loading=\"lazy\" class=\"alignnone size-thumbnail wp-image-18863\" title=\"IMG_3316\" src=\"http:\/\/carfree.fr\/images\/IMG_3316-290x240.jpg\" alt=\"\" width=\"290\" height=\"240\" \/><\/p>\n<p>Il y a certainement un v\u00e9lo-cargo qui vous changera la vie alors n\u2019h\u00e9sitez plus, pratique, \u00e9conomique, \u00e9cologique, robuste, chic, familial, sur deux ou trois roues, le v\u00e9lo-cargo est le v\u00e9hicule du futur !!!<\/p>\n","protected":false},"excerpt":{"rendered":"<p>Avec le Christiania Bike, le v\u00e9lo-cargo a r\u00e9volutionn\u00e9 la mobilit\u00e9 \u00e0 Copenhague d\u00e8s les ann\u00e9es 1980. Depuis, d&rsquo;autres v\u00e9los-cargo sur deux ou trois roues sont apparu (ou r\u00e9apparu) dans les <a class=\"more-link\" href=\"https:\/\/carfree.fr\/index.php\/2012\/10\/16\/les-velos-cargo-de-strasbourg\/\">Lire la suite&#8230;<\/a><\/p>\n","protected":false},"author":840,"featured_media":44781,"comment_status":"open","ping_status":"open","sticky":false,"template":"","format":"standard","meta":[],"categories":[4,7,70],"tags":[1498,1033,565,611,646,719,704,133,808,1664,1065,1587,809],"views":13525,"_links":{"self":[{"href":"https:\/\/carfree.fr\/index.php\/wp-json\/wp\/v2\/posts\/18796"}],"collection":[{"href":"https:\/\/carfree.fr\/index.php\/wp-json\/wp\/v2\/posts"}],"about":[{"href":"https:\/\/carfree.fr\/index.php\/wp-json\/wp\/v2\/types\/post"}],"author":[{"embeddable":true,"href":"https:\/\/carfree.fr\/index.php\/wp-json\/wp\/v2\/users\/840"}],"replies":[{"embeddable":true,"href":"https:\/\/carfree.fr\/index.php\/wp-json\/wp\/v2\/comments?post=18796"}],"version-history":[{"count":0,"href":"https:\/\/carfree.fr\/index.php\/wp-json\/wp\/v2\/posts\/18796\/revisions"}],"wp:featuredmedia":[{"embeddable":true,"href":"https:\/\/carfree.fr\/index.php\/wp-json\/wp\/v2\/media\/44781"}],"wp:attachment":[{"href":"https:\/\/carfree.fr\/index.php\/wp-json\/wp\/v2\/media?parent=18796"}],"wp:term":[{"taxonomy":"category","embeddable":true,"href":"https:\/\/carfree.fr\/index.php\/wp-json\/wp\/v2\/categories?post=18796"},{"taxonomy":"post_tag","embeddable":true,"href":"https:\/\/carfree.fr\/index.php\/wp-json\/wp\/v2\/tags?post=18796"}],"curies":[{"name":"wp","href":"https:\/\/api.w.org\/{rel}","templated":true}]}}