{"id":188,"date":"2007-10-26T15:14:12","date_gmt":"2007-10-26T14:14:12","guid":{"rendered":"http:\/\/carfree.fr\/index.php\/2007\/10\/26\/la-folie-des-sports-mecaniques-envahit-montagnes-et-chemins\/"},"modified":"2021-03-20T20:45:56","modified_gmt":"2021-03-20T19:45:56","slug":"la-folie-des-sports-mecaniques-envahit-montagnes-et-chemins","status":"publish","type":"post","link":"https:\/\/carfree.fr\/index.php\/2007\/10\/26\/la-folie-des-sports-mecaniques-envahit-montagnes-et-chemins\/","title":{"rendered":"La folie des sports m\u00e9caniques envahit montagnes et chemins"},"content":{"rendered":"<p><img decoding=\"async\" loading=\"lazy\" src=\"http:\/\/carfree.fr\/img\/2007\/10\/nuit_gravement-725602-1.jpg\" alt=\"\" width=\"206\" height=\"320\" class=\"alignnone size-full wp-image-40009\" \/><\/p>\n<p><span style=\"font-style: italic\">par Claude Barone<\/span><\/p>\n<p>Malgr\u00e9 les discours sur l\u2019\u00e9cologie et le changement climatique, rien n\u2019arr\u00eate le moteur \u00e0 explosion qui, au nom de la libert\u00e9 et de l\u2019aventure, envahit les espaces encore \u00e0 peu pr\u00e8s calmes \u00e0 coups de 4\u00d74, de quads et autres buggys. Les \u00ab loisirs motoris\u00e9s \u00bb sont non seulement tol\u00e9r\u00e9s, mais encourag\u00e9s par nombre de communes. <!--more--><\/p>\n<p>A propos du consensus sur l\u2019environnement : parlons du d\u00e9veloppement exponentiel des loisirs motoris\u00e9s.<\/p>\n<p>Je travaille avec l\u2019association Mountain Wilderness sur le secteurs des loisirs motoris\u00e9s dans les espaces naturels et je peux dire que cela prend une ampleur extraordinaire.<\/p>\n<p>Sans entrer dans les d\u00e9tails :<\/p>\n<p>explosion des ventes de mots dites \u201cvertes\u201d et surtout de quads (et bient\u00f4t de nouveaux buggys) : le quad a \u00e9t\u00e9 un cadeau r\u00e9pandu lors des derni\u00e8res f\u00eates de No\u00ebl, pour les enfants \u00e0 partir de 6 ans; cr\u00e9ation de nombreux clubs de quad; utilisation du quad pour accompagner des randos \u00e0 cheval en for\u00eat, pour baliser une rando p\u00e9destre\u2026<\/p>\n<p>Il existe un forcing des motoristes pour faire \u201csauter\u201d la loi Lalonde de 1991 (qui n\u2019est pas respect\u00e9e d\u2019ailleurs, et tr\u00e8s souvent pas connue du tout) afin de pouvoir rouler partout : manifs en bloquant la circulation sur les p\u00e9riph\u00e9riques avec comme slogans \u00ab libert\u00e9 de circuler \u00bb, \u00ab la for\u00eat est \u00e0 tout le monde \u00bb\u2026, pressions aupr\u00e8s des \u00e9lus et du minist\u00e8re de l\u2019Ecologie\u2026 Et surtout, la politique du fait accompli : envahissement de chemins, des for\u00eats, des espaces naturels de toutes sortes pour s\u2019imposer d\u00e9finitivement.<\/p>\n<p>Au nom du d\u00e9veloppement \u00e9conomique, on constate une multiplication des projets. Par exemple :<\/p>\n<ul>\n<li>La station de Valmorel va organiser 830 hectares en pleine montagne pour la pratique de la moto-neige suite \u00e0 la demande de la soci\u00e9t\u00e9 Valmo Sensations. Autorisation ITD du 25\/10\/06 par le maire de la L\u00e9ch\u00e8re et de Les Avanchers.<\/li>\n<li>\n<p>Le Revard (Au dessus d\u2019Aix les Bains) va installer un circuit de motos-neige et quads\u2026 en plein parc naturel r\u00e9gional (une premi\u00e8re en France) sur 98 hectares, malgr\u00e9 l\u2019opposition de la DDE et de tr\u00e8s nombreuses associations, \u00ab embarras \u00bb du parc naturel des Bauges \u2026 Vote du conseil municipal des D\u00e9serts favorable (8 contre 1) et avis favorable du commissaire enqu\u00eateur.<\/p>\n<\/li>\n<li>\n<p>Un projet va \u00eatre consacr\u00e9 sur plusieurs hectares \u00e0 la moto \u201cverte\u201d sur le Plateau de Retord, dans une zone naturelle (commune d\u2019Hotonnes)<\/p>\n<\/li>\n<li>\n<p>La commune de Saint-Gervais vient d\u2019\u00eatre r\u00e9compens\u00e9e pour son comportement vis-\u00e0-vis de l\u2019environnement. Son slogan : la montagne \u00e0 l\u2019\u00e9tat pur. Elle organise en juin \u00ab La Printani\u00e8re du quad \u00bb : 3 jours de quad en pleine montagne.<\/p>\n<\/li>\n<\/ul>\n<p>Et ce n\u2019est qu\u2019un d\u00e9but. Les manifestations de promotions se multiplient : on conna\u00eet le Paris-Dakar, mais on a aussi la Croisi\u00e8re blanche \u00e0 Orci\u00e8res-Merlette (des centaines de 4\u00d74, quads et motos pendant 4 jours dans les chemins forestiers ou de montagne) que nous avons r\u00e9ussi \u00e0 bloquer pendant 2 heures fin janvier), la Transvalquad \u00e0 Valloire et Valmeinier (grande foire du quad pendant 2 jours et l\u00e2cher de quads dans la montagne), idem \u00e0 Saint-Fran\u00e7ois Longchamp en Maurienne, etc.<\/p>\n<p>Les d\u00e9poses en h\u00e9licopt\u00e8res, pour la pratique du ski, se multiplient en profitant de la l\u00e9gislation italienne : on d\u00e9marre en France et on d\u00e9pose les skieurs \u00e0 la fronti\u00e8re italo-fran\u00e7aise (normalement c\u00f4t\u00e9 italien !!) et les skieurs reviennent en France \u00e0 ski\u2026 sport de riches d\u00e9truisant la plan\u00e8te.<\/p>\n<p>Autre info : un nouveau circuit automobile va voir le jour au coeur de la Bresse (Le Progr\u00e8s du 31.12.06) \u201cafin que les conducteurs puissent se d\u00e9fouler\u201d dixit Yvan Muller, champion du Monde.<\/p>\n<p>Et ce n\u2019est l\u00e0 qu\u2019une petite partie de l\u2019iceberg motoriste !<\/p>\n<p>Le plus fort est qu\u2019on cr\u00e9e de nouvelles activit\u00e9s polluantes en montagne pour compenser le manque de neige d\u00fb au r\u00e9chauffement climatique qui est lui-m\u00eame d\u00fb \u00e0 la pollution automobile\u2026 On tourne en rond !<\/p>\n","protected":false},"excerpt":{"rendered":"<p>par Claude Barone Malgr\u00e9 les discours sur l\u2019\u00e9cologie et le changement climatique, rien n\u2019arr\u00eate le moteur \u00e0 explosion qui, au nom de la libert\u00e9 et de l\u2019aventure, envahit les espaces <a class=\"more-link\" href=\"https:\/\/carfree.fr\/index.php\/2007\/10\/26\/la-folie-des-sports-mecaniques-envahit-montagnes-et-chemins\/\">Lire la suite&#8230;<\/a><\/p>\n","protected":false},"author":104,"featured_media":26423,"comment_status":"open","ping_status":"open","sticky":false,"template":"","format":"standard","meta":[],"categories":[52],"tags":[268,183,520,103,53,736,279,278,33,320,1606],"views":5531,"_links":{"self":[{"href":"https:\/\/carfree.fr\/index.php\/wp-json\/wp\/v2\/posts\/188"}],"collection":[{"href":"https:\/\/carfree.fr\/index.php\/wp-json\/wp\/v2\/posts"}],"about":[{"href":"https:\/\/carfree.fr\/index.php\/wp-json\/wp\/v2\/types\/post"}],"author":[{"embeddable":true,"href":"https:\/\/carfree.fr\/index.php\/wp-json\/wp\/v2\/users\/104"}],"replies":[{"embeddable":true,"href":"https:\/\/carfree.fr\/index.php\/wp-json\/wp\/v2\/comments?post=188"}],"version-history":[{"count":0,"href":"https:\/\/carfree.fr\/index.php\/wp-json\/wp\/v2\/posts\/188\/revisions"}],"wp:featuredmedia":[{"embeddable":true,"href":"https:\/\/carfree.fr\/index.php\/wp-json\/"}],"wp:attachment":[{"href":"https:\/\/carfree.fr\/index.php\/wp-json\/wp\/v2\/media?parent=188"}],"wp:term":[{"taxonomy":"category","embeddable":true,"href":"https:\/\/carfree.fr\/index.php\/wp-json\/wp\/v2\/categories?post=188"},{"taxonomy":"post_tag","embeddable":true,"href":"https:\/\/carfree.fr\/index.php\/wp-json\/wp\/v2\/tags?post=188"}],"curies":[{"name":"wp","href":"https:\/\/api.w.org\/{rel}","templated":true}]}}