{"id":18910,"date":"2012-10-24T07:46:33","date_gmt":"2012-10-24T06:46:33","guid":{"rendered":"http:\/\/carfree.fr\/?p=18910"},"modified":"2021-11-17T12:12:10","modified_gmt":"2021-11-17T11:12:10","slug":"est-elle-encore-mobile-lauto","status":"publish","type":"post","link":"https:\/\/carfree.fr\/index.php\/2012\/10\/24\/est-elle-encore-mobile-lauto\/","title":{"rendered":"Est-elle encore mobile l&rsquo;auto ?"},"content":{"rendered":"<p><img decoding=\"async\" loading=\"lazy\" title=\"Est-elle encore mobile l'auto ?\" src=\"http:\/\/carfree.fr\/images\/old_car.jpg\" alt=\"Est-elle encore mobile l'auto ?\" width=\"420\" height=\"200\" \/><\/p>\n<p>Je souhaiterais faire part d&rsquo;une \u00e9mission de radio \u00e0 laquelle j&rsquo;ai particip\u00e9 (quel \u00e9gocentrique !!) en compagnie de Jean-Pierre Orfeuil et Georges Amar et qui \u00e9tait consacr\u00e9e \u00e0 des probl\u00e8mes r\u00e9guli\u00e8rement trait\u00e9s sur carfree.fr comme le sugg\u00e8re le titre de l&rsquo;article, qui \u00e9tait celui de l&rsquo;\u00e9mission (3D le journal de St\u00e9phane Paoli, France Inter, 07\/10\/12) <!--more--><\/p>\n<p>Je ne sais pas si les points de vue \u00e9chang\u00e9s peuvent \u00eatre consid\u00e9r\u00e9s comme int\u00e9ressants (je suis bien\u00a0 mal plac\u00e9 pour le dire pour ma partie, mais les propos des deux autres intervenants m&rsquo;ont sembl\u00e9 l&rsquo;\u00eatre), mais le fait que ce genre de questions soit d\u00e9battu en marge du salon de l&rsquo;auto m\u00e9rite tout de m\u00eame me semble-t-il d&rsquo;\u00eatre \u00e9voqu\u00e9 ici.<\/p>\n<p>Pour vous faire votre propre id\u00e9e, elle est encore audible \u00e0 l&rsquo;URL suivante :\u00a0 <a title=\"http:\/\/www.franceinter.fr\/emission-3d-le-journal-est-elle-encore-mobile-l-auto-et-le-gaspillage-alimentaire\" href=\"http:\/\/www.franceinter.fr\/emission-3d-le-journal-est-elle-encore-mobile-l-auto-et-le-gaspillage-alimentaire\" target=\"_blank\">http:\/\/www.franceinter.fr\/emission-3d-le-journal-est-elle-encore-mobile-l-auto-et-le-gaspillage-alimentaire<\/a><\/p>\n<p>En esp\u00e9rant que cela int\u00e9ressera quelques utilisateurs du site et pourquoi pas, les fasse r\u00e9agir&#8230; (tout commentaire \u00e9tant toujours bon \u00e0 entendre)<\/p>\n","protected":false},"excerpt":{"rendered":"<p>Je souhaiterais faire part d&rsquo;une \u00e9mission de radio \u00e0 laquelle j&rsquo;ai particip\u00e9 (quel \u00e9gocentrique !!) en compagnie de Jean-Pierre Orfeuil et Georges Amar et qui \u00e9tait consacr\u00e9e \u00e0 des probl\u00e8mes <a class=\"more-link\" href=\"https:\/\/carfree.fr\/index.php\/2012\/10\/24\/est-elle-encore-mobile-lauto\/\">Lire la suite&#8230;<\/a><\/p>\n","protected":false},"author":352,"featured_media":18923,"comment_status":"open","ping_status":"open","sticky":false,"template":"","format":"standard","meta":[],"categories":[73],"tags":[657,416,185,99,198,134,213,214,35],"views":5601,"_links":{"self":[{"href":"https:\/\/carfree.fr\/index.php\/wp-json\/wp\/v2\/posts\/18910"}],"collection":[{"href":"https:\/\/carfree.fr\/index.php\/wp-json\/wp\/v2\/posts"}],"about":[{"href":"https:\/\/carfree.fr\/index.php\/wp-json\/wp\/v2\/types\/post"}],"author":[{"embeddable":true,"href":"https:\/\/carfree.fr\/index.php\/wp-json\/wp\/v2\/users\/352"}],"replies":[{"embeddable":true,"href":"https:\/\/carfree.fr\/index.php\/wp-json\/wp\/v2\/comments?post=18910"}],"version-history":[{"count":0,"href":"https:\/\/carfree.fr\/index.php\/wp-json\/wp\/v2\/posts\/18910\/revisions"}],"wp:featuredmedia":[{"embeddable":true,"href":"https:\/\/carfree.fr\/index.php\/wp-json\/"}],"wp:attachment":[{"href":"https:\/\/carfree.fr\/index.php\/wp-json\/wp\/v2\/media?parent=18910"}],"wp:term":[{"taxonomy":"category","embeddable":true,"href":"https:\/\/carfree.fr\/index.php\/wp-json\/wp\/v2\/categories?post=18910"},{"taxonomy":"post_tag","embeddable":true,"href":"https:\/\/carfree.fr\/index.php\/wp-json\/wp\/v2\/tags?post=18910"}],"curies":[{"name":"wp","href":"https:\/\/api.w.org\/{rel}","templated":true}]}}