{"id":18991,"date":"2012-11-02T10:41:15","date_gmt":"2012-11-02T09:41:15","guid":{"rendered":"http:\/\/carfree.fr\/?p=18991"},"modified":"2016-05-17T15:38:07","modified_gmt":"2016-05-17T14:38:07","slug":"la-derniere-voiture","status":"publish","type":"post","link":"https:\/\/carfree.fr\/index.php\/2012\/11\/02\/la-derniere-voiture\/","title":{"rendered":"La derni\u00e8re voiture"},"content":{"rendered":"<p>On nous a envoy\u00e9 cette photo sur notre page <a title=\"https:\/\/www.facebook.com\/carfreefrance\" href=\"https:\/\/www.facebook.com\/carfreefrance\" target=\"_blank\">Facebook<\/a>. Apparemment, c&rsquo;est une image trafiqu\u00e9e, mais elle r\u00e9sume bien ce que l&rsquo;on disait ici m\u00eame en 2008. Voici l&rsquo;article de l&rsquo;\u00e9poque qui, \u00e0 mon avis, n&rsquo;a pas pris une ride. A vous de voir&#8230; <!--more--><\/p>\n<p><img decoding=\"async\" loading=\"lazy\" src=\"http:\/\/carfree.fr\/images\/FossilCar-600dpi.jpg\" alt=\"FossilCar-600dpi\" align=\"left\" width=\"220\" height=\"587\" \/> <strong>Arch\u00e9ologie de l&rsquo;automobile<\/strong><\/p>\n<p>La voiture a une histoire, un d\u00e9but avec des mythes fondateurs, un \u00e2ge d\u2019or avec la massification de son usage et une fin, avec la destruction avanc\u00e9e de la plan\u00e8te et de la sant\u00e9 des gens.<\/p>\n<p>Et surtout, avec la fin annonc\u00e9e du p\u00e9trole et l\u2019incapacit\u00e9 de notre soci\u00e9t\u00e9 \u00e0 fournir une source d\u2019\u00e9nergie alternative \u00e0 l\u2019\u00e9chelle du milliard de voitures actuellement en circulation sur Terre.<\/p>\n<p>L\u2019automobile appara\u00eet ainsi situ\u00e9e quelque part entre diverses couches g\u00e9ologiques profondes, probablement entre l\u2019Holoc\u00e8ne et l\u2019Anthropoc\u00e8ne\u2026 Tels les dinosaures du Cr\u00e9tac\u00e9, le destin de l\u2019automobile est sans doute une extinction massive suite \u00e0 de profonds bouleversements climatiques dans le monde.<\/p>\n<p>Le climaticide a bien eu lieu \u00e0 l\u2019or\u00e9e du 3\u00e8me mill\u00e9naire\u2026 et m\u00eame les lapins Duracel ont tr\u00e9pass\u00e9!<\/p>\n<p>Aujourd\u2019hui, il fait beau et les survivants du cataclysme peuvent encore faire du v\u00e9lo. C\u2019est une belle journ\u00e9e pour creuser la terre \u00e0 la recherche de trouvailles arch\u00e9ologiques. Une vieille carcasse automobile viendra r\u00e9compenser les efforts de ces travaux de recherche.<\/p>\n<p>L\u2019automobile appara\u00eet ainsi comme le fossile de la soci\u00e9t\u00e9 de consommation actuelle.<\/p>\n<p>Une fois nettoy\u00e9e, la voiture fossilis\u00e9e pourra \u00eatre expos\u00e9e avec d\u2019autres au Museum de l\u2019Histoire Climatique, afin que personne n\u2019oublie. Le travail de m\u00e9moire doit en effet se poursuivre afin que plus jamais, l\u2019Homme n\u2019oublie les risques qu\u2019il a fait encourir \u00e0 sa si fragile plan\u00e8te.<\/p>\n<p>Car aujourd\u2019hui, les enfants ne veulent plus croire qu\u2019on a risqu\u00e9 de tout d\u00e9truire pour ce d\u00e9risoire assemblage d\u2019acier et de m\u00e9tal en voie de putr\u00e9faction.<\/p>\n","protected":false},"excerpt":{"rendered":"<p>On nous a envoy\u00e9 cette photo sur notre page Facebook. Apparemment, c&rsquo;est une image trafiqu\u00e9e, mais elle r\u00e9sume bien ce que l&rsquo;on disait ici m\u00eame en 2008. Voici l&rsquo;article de <a class=\"more-link\" href=\"https:\/\/carfree.fr\/index.php\/2012\/11\/02\/la-derniere-voiture\/\">Lire la suite&#8230;<\/a><\/p>\n","protected":false},"author":18,"featured_media":31185,"comment_status":"open","ping_status":"open","sticky":false,"template":"","format":"standard","meta":[],"categories":[73],"tags":[1709,1479,416,129,57,188,53,99,198,211,19],"views":9416,"_links":{"self":[{"href":"https:\/\/carfree.fr\/index.php\/wp-json\/wp\/v2\/posts\/18991"}],"collection":[{"href":"https:\/\/carfree.fr\/index.php\/wp-json\/wp\/v2\/posts"}],"about":[{"href":"https:\/\/carfree.fr\/index.php\/wp-json\/wp\/v2\/types\/post"}],"author":[{"embeddable":true,"href":"https:\/\/carfree.fr\/index.php\/wp-json\/wp\/v2\/users\/18"}],"replies":[{"embeddable":true,"href":"https:\/\/carfree.fr\/index.php\/wp-json\/wp\/v2\/comments?post=18991"}],"version-history":[{"count":0,"href":"https:\/\/carfree.fr\/index.php\/wp-json\/wp\/v2\/posts\/18991\/revisions"}],"wp:featuredmedia":[{"embeddable":true,"href":"https:\/\/carfree.fr\/index.php\/wp-json\/wp\/v2\/media\/31185"}],"wp:attachment":[{"href":"https:\/\/carfree.fr\/index.php\/wp-json\/wp\/v2\/media?parent=18991"}],"wp:term":[{"taxonomy":"category","embeddable":true,"href":"https:\/\/carfree.fr\/index.php\/wp-json\/wp\/v2\/categories?post=18991"},{"taxonomy":"post_tag","embeddable":true,"href":"https:\/\/carfree.fr\/index.php\/wp-json\/wp\/v2\/tags?post=18991"}],"curies":[{"name":"wp","href":"https:\/\/api.w.org\/{rel}","templated":true}]}}