{"id":19016,"date":"2012-11-07T09:39:19","date_gmt":"2012-11-07T08:39:19","guid":{"rendered":"http:\/\/carfree.fr\/?p=19016"},"modified":"2021-01-07T17:58:18","modified_gmt":"2021-01-07T16:58:18","slug":"observatoire-national-des-tourne-a-droite-au-feu-rouge","status":"publish","type":"post","link":"https:\/\/carfree.fr\/index.php\/2012\/11\/07\/observatoire-national-des-tourne-a-droite-au-feu-rouge\/","title":{"rendered":"Observatoire National des \u00ab\u00a0Tourne \u00e0 Droite\u00a0\u00bb au feu rouge"},"content":{"rendered":"<p><img decoding=\"async\" loading=\"lazy\" title=\"tourne_a_droite_velo\" src=\"http:\/\/carfree.fr\/images\/tourne_a_droite_velo.jpg\" alt=\"\" width=\"420\" height=\"200\" \/><\/p>\n<p>Suite \u00e0 l\u2019arr\u00eat\u00e9 du 12 janvier 2012 relatif \u00e0 la signalisation des routes et des autoroutes, il est d\u00e9sormais possible de permettre aux cyclistes de tourner \u00e0 droite (ou d\u2019aller tout droit) lorsque le feu est rouge. <!--more--><\/p>\n<p>De nombreuses collectivit\u00e9s se sont d\u00e9j\u00e0 saisies de cette \u00e9volution r\u00e9glementaire pour \u00e9quiper leurs carrefours en cons\u00e9quence.<\/p>\n<p>Afin de partager les exp\u00e9riences sur ce nouveau dispositif, le <a href=\"https:\/\/www.cerema.fr\/fr\" target=\"_blank\">CERTU<\/a> a souhait\u00e9 mettre en place <a title=\"http:\/\/www.voiriepourtous.developpement-durable.gouv.fr\/ontv-r179.html\" href=\"http:\/\/www.voiriepourtous.developpement-durable.gouv.fr\/ontv-r179.html\" target=\"_blank\">un observatoire des \u00e9quipements r\u00e9alis\u00e9s<\/a>.<\/p>\n<p>L\u2019objectif de cet observatoire est de favoriser le <strong>partage d\u2019exp\u00e9riences<\/strong>. Il s\u2019agit\u00a0:<\/p>\n<ul>\n<li>d\u2019une part de mettre \u00e0 la disposition de tous &#8211; \u00e9lus, techniciens  et usagers &#8211; une vision d\u2019ensemble des Tourne \u00e0 Droite V\u00e9los au feu  rouge mis en place\u00a0;<\/li>\n<li>\n<p>enfin de permettre aux \u00e9lus et techniciens de partager des savoir-faire et d\u2019\u00e9changer sur le sujet.<\/p>\n<\/li>\n<\/ul>\n<p>Le principe retenu est de constituer une liste des collectivit\u00e9s  utilisant cette signalisation consultable par tous et renseign\u00e9e par les  am\u00e9nageurs et gestionnaires de la voirie (services techniques,  concepteurs, responsables politiques.<\/p>\n<p>Pour l&rsquo;instant, une vingtaine de collectivit\u00e9s ayant mis en place des\u00a0 des \u00ab\u00a0Tourne \u00e0 Droite\u00a0\u00bb au feu rouge sont recens\u00e9es: Caen, La Rochelle, Montb\u00e9liard, Valence, Toulouse, Bordeaux, Le Bousquat, Rennes, Grenoble, Nantes, Lorient, Douai, Lille, Pau, Strasbourg, Meyzieu, Lyon, Paris, La Roche Sur Yon, Sceaux, Clamart, Issy-les-Moulineaux et Fontenay-sous-Bois.<\/p>\n<p><strong>Vous pouvez participer aussi \u00e0 cet observatoire<\/strong> en envoyant \u00e0 cette adresse <a href=\"mailto:ontv@developpement-durable.gouv.fr\" target=\"_blank\">ontv@developpement-durable.gouv.fr<\/a> :<br \/>\n<img decoding=\"async\" loading=\"lazy\" src=\"http:\/\/www.voiriepourtous.developpement-durable.gouv.fr\/local\/cache-vignettes\/L8xH11\/puce-ce44f.gif\" alt=\"-\" width=\"8\" height=\"11\" \/> des informations sur vos projets (nombre de carrefours, de panonceaux, photos, plaquettes,&#8230;)<br \/>\n<img decoding=\"async\" loading=\"lazy\" src=\"http:\/\/www.voiriepourtous.developpement-durable.gouv.fr\/local\/cache-vignettes\/L8xH11\/puce-ce44f.gif\" alt=\"-\" width=\"8\" height=\"11\" \/> ou \u00e9galement des r\u00e9alisations que vous rencontreriez qui ne figurent pas encore dans cet observatoire.<\/p>\n<p><a title=\"http:\/\/www.voiriepourtous.developpement-durable.gouv.fr\/ontv-r179.html\" href=\"http:\/\/www.voiriepourtous.developpement-durable.gouv.fr\/ontv-r179.html\" target=\"_blank\">http:\/\/www.voiriepourtous.developpement-durable.gouv.fr\/ontv-r179.html<\/a><\/p>\n","protected":false},"excerpt":{"rendered":"<p>Suite \u00e0 l\u2019arr\u00eat\u00e9 du 12 janvier 2012 relatif \u00e0 la signalisation des routes et des autoroutes, il est d\u00e9sormais possible de permettre aux cyclistes de tourner \u00e0 droite (ou d\u2019aller <a class=\"more-link\" href=\"https:\/\/carfree.fr\/index.php\/2012\/11\/07\/observatoire-national-des-tourne-a-droite-au-feu-rouge\/\">Lire la suite&#8230;<\/a><\/p>\n","protected":false},"author":37,"featured_media":19017,"comment_status":"open","ping_status":"open","sticky":false,"template":"","format":"standard","meta":[],"categories":[4,7],"tags":[186,302,750,646,557,1255,333,535,1426,439,331,440,158,555,332,106,488,334,749,133,218,1485,560,1664],"views":6307,"_links":{"self":[{"href":"https:\/\/carfree.fr\/index.php\/wp-json\/wp\/v2\/posts\/19016"}],"collection":[{"href":"https:\/\/carfree.fr\/index.php\/wp-json\/wp\/v2\/posts"}],"about":[{"href":"https:\/\/carfree.fr\/index.php\/wp-json\/wp\/v2\/types\/post"}],"author":[{"embeddable":true,"href":"https:\/\/carfree.fr\/index.php\/wp-json\/wp\/v2\/users\/37"}],"replies":[{"embeddable":true,"href":"https:\/\/carfree.fr\/index.php\/wp-json\/wp\/v2\/comments?post=19016"}],"version-history":[{"count":0,"href":"https:\/\/carfree.fr\/index.php\/wp-json\/wp\/v2\/posts\/19016\/revisions"}],"wp:featuredmedia":[{"embeddable":true,"href":"https:\/\/carfree.fr\/index.php\/wp-json\/"}],"wp:attachment":[{"href":"https:\/\/carfree.fr\/index.php\/wp-json\/wp\/v2\/media?parent=19016"}],"wp:term":[{"taxonomy":"category","embeddable":true,"href":"https:\/\/carfree.fr\/index.php\/wp-json\/wp\/v2\/categories?post=19016"},{"taxonomy":"post_tag","embeddable":true,"href":"https:\/\/carfree.fr\/index.php\/wp-json\/wp\/v2\/tags?post=19016"}],"curies":[{"name":"wp","href":"https:\/\/api.w.org\/{rel}","templated":true}]}}