{"id":19102,"date":"2012-11-24T12:37:12","date_gmt":"2012-11-24T11:37:12","guid":{"rendered":"http:\/\/carfree.fr\/?p=19102"},"modified":"2016-05-26T09:00:34","modified_gmt":"2016-05-26T08:00:34","slug":"le-petrole-est-la-mort-de-la-foret-amazonienne","status":"publish","type":"post","link":"https:\/\/carfree.fr\/index.php\/2012\/11\/24\/le-petrole-est-la-mort-de-la-foret-amazonienne\/","title":{"rendered":"Le p\u00e9trole est la mort de la for\u00eat amazonienne!"},"content":{"rendered":"<p><img decoding=\"async\" loading=\"lazy\" title=\"ecuador-indianer-kein-oel-banner\" src=\"http:\/\/carfree.fr\/images\/ecuador-indianer-kein-oel-banner.jpg\" alt=\"\" width=\"420\" height=\"200\" \/><\/p>\n<p>\u00ab\u00a0<em>Le p\u00e9trole donne vie \u00e0 l&rsquo;Amazonie<\/em>\u00ab\u00a0. C&rsquo;est un des slogans  publicitaires du gouvernement de l&rsquo;Equateur pour lancer sa campagne  d&rsquo;attribution de nouvelles concessions p\u00e9troli\u00e8res. \u00c0 partir du 28  novembre 2012, et jusqu&rsquo;au printemps prochain, les compagnies  p\u00e9troli\u00e8res vont pouvoir postuler \u00e0 l&rsquo;acquisition de 21 nouvelles  concessions situ\u00e9es dans la for\u00eat amazonienne, au c\u0153ur de territoires  indiens, sur une zone totale de 3 millions d&rsquo;hectares. <!--more--><\/p>\n<p>Selon le souhait du pr\u00e9sident \u00e9quatorien Rafael Correa, la soci\u00e9t\u00e9  Petroamazonas sera la premi\u00e8re \u00e0 commencer le forage p\u00e9trolier en pleine  for\u00eat vierge, <strong>une for\u00eat humide abritant plus d&rsquo;esp\u00e8ces animales et v\u00e9g\u00e9tales qu&rsquo;aucun autre endroit de la plan\u00e8te<\/strong>.  La production de p\u00e9trole a d\u00e9j\u00e0 caus\u00e9 dans ce pays la perte de vastes  \u00e9tendues de for\u00eats et la contamination de la terre, au d\u00e9triment des  populations locales.<\/p>\n<p>Pour sept tribus am\u00e9rindiennes propri\u00e9taires l\u00e9gales et l\u00e9gitimes sur  ces terres (elles poss\u00e8dent des titres fonciers officiellement  reconnus), la for\u00eat est le foyer et le moyen de subsistance. Le  gouvernement \u00e9quatorien et les compagnies p\u00e9troli\u00e8res tentent de briser  la r\u00e9sistance des 80.000 habitants de la for\u00eat par la corruption et des  campagnes de publicit\u00e9 (comme mentionn\u00e9 plus-haut) ou autres astuces  trompeuses.<\/p>\n<p>En agissant ainsi, le gouvernement \u00e9quatorien viole sa propre  Constitution et divers trait\u00e9s internationaux comme la Convention n\u00b0169  de l&rsquo;OIT. En juin dernier, la Cour interam\u00e9ricaine des droits de l&rsquo;homme  avait jug\u00e9 l&rsquo;\u00c9tat coupable d&rsquo;enfreinte aux droits fondamentaux des  peuples autochtones par l&rsquo;octroi de concessions p\u00e9troli\u00e8res sur leurs  terres.<\/p>\n<p><strong>Exhortons le pr\u00e9sident Correa \u00e0 prot\u00e9ger la for\u00eat amazonienne  et les territoires indiens de l&rsquo;industrie p\u00e9troli\u00e8re, \u00e0 ne plus faire  de nouvelles concessions.<\/strong><\/p>\n<p><strong>Signez la p\u00e9tition!<\/strong><\/p>\n<p><a title=\"https:\/\/www.sauvonslaforet.org\/petitions\/896\/le-petrole-est-la-mort-de-la-foret-amazonienne\" href=\"https:\/\/www.sauvonslaforet.org\/petitions\/896\/le-petrole-est-la-mort-de-la-foret-amazonienne\" target=\"_blank\">https:\/\/www.sauvonslaforet.org\/petitions\/896\/le-petrole-est-la-mort-de-la-foret-amazonienne<\/a><\/p>\n","protected":false},"excerpt":{"rendered":"<p>\u00ab\u00a0Le p\u00e9trole donne vie \u00e0 l&rsquo;Amazonie\u00ab\u00a0. C&rsquo;est un des slogans publicitaires du gouvernement de l&rsquo;Equateur pour lancer sa campagne d&rsquo;attribution de nouvelles concessions p\u00e9troli\u00e8res. \u00c0 partir du 28 novembre 2012, <a class=\"more-link\" href=\"https:\/\/carfree.fr\/index.php\/2012\/11\/24\/le-petrole-est-la-mort-de-la-foret-amazonienne\/\">Lire la suite&#8230;<\/a><\/p>\n","protected":false},"author":70,"featured_media":19103,"comment_status":"open","ping_status":"open","sticky":false,"template":"","format":"standard","meta":[],"categories":[52,6,78],"tags":[454,706,361,1134,53,453,1668,45],"views":5280,"_links":{"self":[{"href":"https:\/\/carfree.fr\/index.php\/wp-json\/wp\/v2\/posts\/19102"}],"collection":[{"href":"https:\/\/carfree.fr\/index.php\/wp-json\/wp\/v2\/posts"}],"about":[{"href":"https:\/\/carfree.fr\/index.php\/wp-json\/wp\/v2\/types\/post"}],"author":[{"embeddable":true,"href":"https:\/\/carfree.fr\/index.php\/wp-json\/wp\/v2\/users\/70"}],"replies":[{"embeddable":true,"href":"https:\/\/carfree.fr\/index.php\/wp-json\/wp\/v2\/comments?post=19102"}],"version-history":[{"count":0,"href":"https:\/\/carfree.fr\/index.php\/wp-json\/wp\/v2\/posts\/19102\/revisions"}],"wp:featuredmedia":[{"embeddable":true,"href":"https:\/\/carfree.fr\/index.php\/wp-json\/"}],"wp:attachment":[{"href":"https:\/\/carfree.fr\/index.php\/wp-json\/wp\/v2\/media?parent=19102"}],"wp:term":[{"taxonomy":"category","embeddable":true,"href":"https:\/\/carfree.fr\/index.php\/wp-json\/wp\/v2\/categories?post=19102"},{"taxonomy":"post_tag","embeddable":true,"href":"https:\/\/carfree.fr\/index.php\/wp-json\/wp\/v2\/tags?post=19102"}],"curies":[{"name":"wp","href":"https:\/\/api.w.org\/{rel}","templated":true}]}}