{"id":19131,"date":"2012-11-28T14:00:01","date_gmt":"2012-11-28T13:00:01","guid":{"rendered":"http:\/\/carfree.fr\/?p=19131"},"modified":"2021-09-21T12:53:47","modified_gmt":"2021-09-21T11:53:47","slug":"velo-en-ville-plus-benefique-que-risque","status":"publish","type":"post","link":"https:\/\/carfree.fr\/index.php\/2012\/11\/28\/velo-en-ville-plus-benefique-que-risque\/","title":{"rendered":"V\u00e9lo en ville : plus b\u00e9n\u00e9fique que risqu\u00e9"},"content":{"rendered":"<p>Selon de nombreuses stats, la pratique du v\u00e9lo dans les villes s&rsquo;intensifie, et cela devrait perdurer encore dans les ann\u00e9es \u00e0 venir. Mais quel est l&rsquo;impact r\u00e9el de l&rsquo;augmentation du nombre de cyclistes urbains et donc de la part modale du v\u00e9lo sur les autres types de transports? <!--more--><\/p>\n<p>C&rsquo;est justement ce qu&rsquo;a souhait\u00e9 \u00e9valuer le tr\u00e8s s\u00e9rieux Observatoire r\u00e9gional de sant\u00e9 \u00cele-de-France. Sur la base de sc\u00e9narios partag\u00e9s avec diff\u00e9rents acteurs (Ville de Paris, R\u00e9gion Ile-de-France&#8230;), l&rsquo;institut s&rsquo;est pench\u00e9 sur le rapport b\u00e9n\u00e9fice\/risque li\u00e9 \u00e0 une augmentation de la pratique du v\u00e9lo dans cette r\u00e9gion.<\/p>\n<blockquote><p><em>\u00ab\u00a0la pratique du v\u00e9lo [&#8230;] pr\u00e9sente tr\u00e8s peu de risques par rapport aux b\u00e9n\u00e9fices qu&rsquo;elle apporte\u00a0\u00bb<\/em><\/p><\/blockquote>\n<p>Il a \u00e9valu\u00e9 les impacts sur plusieurs param\u00e8tres : les b\u00e9n\u00e9fices individuels (notamment l&rsquo;importance de l&rsquo;activit\u00e9 physique sur la sant\u00e9), les b\u00e9n\u00e9fices collectifs (baisse de la pollution atmosph\u00e9rique et du bruit par exemple), les risques individuels et les risques collectifs (essentiellement li\u00e9s \u00e0 l&rsquo;accidentologie).<\/p>\n<p>Les conclusions de cette \u00e9tude sont assez nettes : Finalement, la pratique du v\u00e9lo en \u00cele-de-France pr\u00e9sente tr\u00e8s peu de risques par rapport aux b\u00e9n\u00e9fices qu&rsquo;elle apporte.<\/p>\n<p>En effet, il a \u00e9t\u00e9 montr\u00e9 que si le nombre de Franciliens pratiquant le v\u00e9lo doublait dans les ann\u00e9es \u00e0 venir, les b\u00e9n\u00e9fices seraient 20 fois plus \u00e9lev\u00e9s en termes de diminution de la mortalit\u00e9.<\/p>\n<p>Les b\u00e9n\u00e9fices du v\u00e9lo sont d&rsquo;autant plus importants en s&rsquo;\u00e9loignant du centre de Paris. Davantage de v\u00e9los ne signifierait pas plus d&rsquo;accidents selon cette \u00e9tude. Au contraire, avec moins de voitures, une baisse globale de l&rsquo;accidentologie serait observ\u00e9e.<\/p>\n<p>Le principal risque reste l&rsquo;exposition \u00e0 la pollution atmosph\u00e9rique, tr\u00e8s pr\u00e9sente en \u00cele-de-France. Quant \u00e0 l&rsquo;impact de la pratique du v\u00e9lo sur le bruit et la pollution, les r\u00e9sultats sont n\u00e9gligeables, il faudrait d&rsquo;autres mesures de type r\u00e9duction de la vitesse pour obtenir des r\u00e9sultats plus significatifs.<\/p>\n<p>A l&rsquo;instar de la ville de Strasbourg, dont les m\u00e9decins ont d\u00e9sormais la possibilit\u00e9 de prescrire du v\u00e9lo sur ordonnance, cette \u00e9tude montrant l&rsquo;impact globalement tr\u00e8s positif du v\u00e9lo sur la sant\u00e9, a \u00e9t\u00e9 diffus\u00e9e aupr\u00e8s des politiques de promotion du v\u00e9lo. Une fa\u00e7on d&rsquo;amener des chiffres concrets sur la table des futures d\u00e9cisions.<\/p>\n<p>Source: Weelz.fr<\/p>\n","protected":false},"excerpt":{"rendered":"<p>Selon de nombreuses stats, la pratique du v\u00e9lo dans les villes s&rsquo;intensifie, et cela devrait perdurer encore dans les ann\u00e9es \u00e0 venir. Mais quel est l&rsquo;impact r\u00e9el de l&rsquo;augmentation du <a class=\"more-link\" href=\"https:\/\/carfree.fr\/index.php\/2012\/11\/28\/velo-en-ville-plus-benefique-que-risque\/\">Lire la suite&#8230;<\/a><\/p>\n","protected":false},"author":311,"featured_media":37756,"comment_status":"open","ping_status":"open","sticky":false,"template":"","format":"standard","meta":[],"categories":[4,7],"tags":[130,106,33,320,133,1664,34],"views":5726,"_links":{"self":[{"href":"https:\/\/carfree.fr\/index.php\/wp-json\/wp\/v2\/posts\/19131"}],"collection":[{"href":"https:\/\/carfree.fr\/index.php\/wp-json\/wp\/v2\/posts"}],"about":[{"href":"https:\/\/carfree.fr\/index.php\/wp-json\/wp\/v2\/types\/post"}],"author":[{"embeddable":true,"href":"https:\/\/carfree.fr\/index.php\/wp-json\/wp\/v2\/users\/311"}],"replies":[{"embeddable":true,"href":"https:\/\/carfree.fr\/index.php\/wp-json\/wp\/v2\/comments?post=19131"}],"version-history":[{"count":0,"href":"https:\/\/carfree.fr\/index.php\/wp-json\/wp\/v2\/posts\/19131\/revisions"}],"wp:featuredmedia":[{"embeddable":true,"href":"https:\/\/carfree.fr\/index.php\/wp-json\/wp\/v2\/media\/37756"}],"wp:attachment":[{"href":"https:\/\/carfree.fr\/index.php\/wp-json\/wp\/v2\/media?parent=19131"}],"wp:term":[{"taxonomy":"category","embeddable":true,"href":"https:\/\/carfree.fr\/index.php\/wp-json\/wp\/v2\/categories?post=19131"},{"taxonomy":"post_tag","embeddable":true,"href":"https:\/\/carfree.fr\/index.php\/wp-json\/wp\/v2\/tags?post=19131"}],"curies":[{"name":"wp","href":"https:\/\/api.w.org\/{rel}","templated":true}]}}