{"id":19267,"date":"2012-12-08T10:18:31","date_gmt":"2012-12-08T09:18:31","guid":{"rendered":"http:\/\/carfree.fr\/?p=19267"},"modified":"2020-04-02T10:17:50","modified_gmt":"2020-04-02T09:17:50","slug":"le-velo-sous-la-neige-a-strasbourg","status":"publish","type":"post","link":"https:\/\/carfree.fr\/index.php\/2012\/12\/08\/le-velo-sous-la-neige-a-strasbourg\/","title":{"rendered":"Le v\u00e9lo sous la neige \u00e0 Strasbourg"},"content":{"rendered":"<p><img decoding=\"async\" loading=\"lazy\" title=\"hiver-strasbourg\" src=\"http:\/\/carfree.fr\/images\/hiver-strasbourg.jpg\" alt=\"\" width=\"420\" height=\"200\" \/><\/p>\n<p>\u00c7a y est, l&rsquo;hiver a pos\u00e9 son manteau froid et blanc. Par deux fois cette semaine, des \u00e9pisodes neigeux ont recouvert Strasbourg et son agglom\u00e9ration. Ces conditions climatiques n&#8217;emp\u00eachent pas les cyclistes, m\u00eame s&rsquo;ils sont un peu moins nombreux, de se d\u00e9placer comme d&rsquo;habitude pour aller travailler, faire des achats ou pour leurs loisirs. <!--more--><\/p>\n<p>Pour la premi\u00e8re ann\u00e9e, la Communaut\u00e9 urbaine de Strasbourg, s&rsquo;int\u00e9resse aux cyclistes en hiver en \u00e9ditant une plaquette de communication sp\u00e9ciale intitul\u00e9e \u00ab\u00a0le v\u00e9lo en hiver, adoptez les bons r\u00e9flexes \u00bb. En compl\u00e9ment, la CUS propose une cartographie des pistes cyclables d\u00e9neig\u00e9es en priorit\u00e9.<\/p>\n<p><img decoding=\"async\" loading=\"lazy\" title=\"cycliste-hiver\" src=\"http:\/\/carfree.fr\/images\/cycliste-hiver.jpg\" alt=\"\" width=\"250\" height=\"376\" \/><\/p>\n<p>Une d\u00e9cision plus que louable quand on sait que certaines pistes cyclables sont fr\u00e9quent\u00e9es lors des mois d&rsquo;hiver par pr\u00e8s de 3000 cyclistes par jour et que l&rsquo;on veut obtenir une part modale de 20 % de d\u00e9placements \u00e0 v\u00e9lo en 2020. On est heureusement loin de la politique de <a href=\"http:\/\/road.cc\/content\/news\/71681-cyclists-bologna-be-fined-riding-snow\" target=\"_blank\">Bologne<\/a> qui interdit la circulation des cyclistes par temps neigeux&#8230;<\/p>\n<p><img decoding=\"async\" loading=\"lazy\" title=\"attention-au-verglas\" src=\"http:\/\/carfree.fr\/images\/attention-au-verglas.jpg\" alt=\"\" width=\"250\" height=\"376\" \/><\/p>\n<p>Enfin pour finir, pensez \u00e0 pr\u00e9server vos cha\u00eenes de l&rsquo;action du sel en nettoyant et\/ou lubrifiant r\u00e9guli\u00e8rement votre cha\u00eene, c&rsquo;est rapide et pas cher et n&rsquo;oubliez pas que la neige est seulement de l&rsquo;eau \u00e0 l&rsquo;\u00e9tat solide&#8230;<\/p>\n<p><img decoding=\"async\" loading=\"lazy\" title=\"cycliste-blanc\" src=\"http:\/\/carfree.fr\/images\/cycliste-blanc.jpg\" alt=\"\" width=\"250\" height=\"376\" \/><\/p>\n","protected":false},"excerpt":{"rendered":"<p>\u00c7a y est, l&rsquo;hiver a pos\u00e9 son manteau froid et blanc. Par deux fois cette semaine, des \u00e9pisodes neigeux ont recouvert Strasbourg et son agglom\u00e9ration. Ces conditions climatiques n&#8217;emp\u00eachent pas <a class=\"more-link\" href=\"https:\/\/carfree.fr\/index.php\/2012\/12\/08\/le-velo-sous-la-neige-a-strasbourg\/\">Lire la suite&#8230;<\/a><\/p>\n","protected":false},"author":840,"featured_media":19268,"comment_status":"open","ping_status":"open","sticky":false,"template":"","format":"standard","meta":[],"categories":[4,7],"tags":[646,721,704,133,1664,1289],"views":8348,"_links":{"self":[{"href":"https:\/\/carfree.fr\/index.php\/wp-json\/wp\/v2\/posts\/19267"}],"collection":[{"href":"https:\/\/carfree.fr\/index.php\/wp-json\/wp\/v2\/posts"}],"about":[{"href":"https:\/\/carfree.fr\/index.php\/wp-json\/wp\/v2\/types\/post"}],"author":[{"embeddable":true,"href":"https:\/\/carfree.fr\/index.php\/wp-json\/wp\/v2\/users\/840"}],"replies":[{"embeddable":true,"href":"https:\/\/carfree.fr\/index.php\/wp-json\/wp\/v2\/comments?post=19267"}],"version-history":[{"count":0,"href":"https:\/\/carfree.fr\/index.php\/wp-json\/wp\/v2\/posts\/19267\/revisions"}],"wp:featuredmedia":[{"embeddable":true,"href":"https:\/\/carfree.fr\/index.php\/wp-json\/"}],"wp:attachment":[{"href":"https:\/\/carfree.fr\/index.php\/wp-json\/wp\/v2\/media?parent=19267"}],"wp:term":[{"taxonomy":"category","embeddable":true,"href":"https:\/\/carfree.fr\/index.php\/wp-json\/wp\/v2\/categories?post=19267"},{"taxonomy":"post_tag","embeddable":true,"href":"https:\/\/carfree.fr\/index.php\/wp-json\/wp\/v2\/tags?post=19267"}],"curies":[{"name":"wp","href":"https:\/\/api.w.org\/{rel}","templated":true}]}}