{"id":19469,"date":"2013-01-22T09:26:24","date_gmt":"2013-01-22T08:26:24","guid":{"rendered":"http:\/\/carfree.fr\/?p=19469"},"modified":"2020-04-02T10:15:39","modified_gmt":"2020-04-02T09:15:39","slug":"velotopia","status":"publish","type":"post","link":"https:\/\/carfree.fr\/index.php\/2013\/01\/22\/velotopia\/","title":{"rendered":"V\u00e9lotopia"},"content":{"rendered":"<p>I Bike Strasbourg vous propose samedi 26 janvier la projection de  <a title=\"http:\/\/www.velotopia.fr\/\" href=\"http:\/\/www.velotopia.fr\/\" target=\"_blank\">V\u00e9lotopia<\/a>, docu-com\u00e9die d&rsquo;Erik Fretel sur la promotion du v\u00e9lo comme  mode de d\u00e9placement quotidien. <!--more--><\/p>\n<p>Deux s\u00e9ances sont programm\u00e9es \u00e0 19h et  21h, en pr\u00e9sence du r\u00e9alisateur dans la salle Eco-logis sise 24 rue de  Lun\u00e9ville \u00e0 Strasbourg Neudorf. La participation est de 3 \u20ac.<\/p>\n<p>Il reste encore des places pour les deux s\u00e9ances alors n&rsquo;h\u00e9sitez pas, laissez vous gagner par la V\u00e9lotopia. <\/p>\n<p><img decoding=\"async\" loading=\"lazy\" title=\"affiche-velotopia\" src=\"http:\/\/carfree.fr\/images\/affiche-velotopia.jpg\" alt=\"\" width=\"420\" height=\"579\" \/><\/p>\n","protected":false},"excerpt":{"rendered":"<p>I Bike Strasbourg vous propose samedi 26 janvier la projection de V\u00e9lotopia, docu-com\u00e9die d&rsquo;Erik Fretel sur la promotion du v\u00e9lo comme mode de d\u00e9placement quotidien.<\/p>\n","protected":false},"author":840,"featured_media":37681,"comment_status":"open","ping_status":"open","sticky":false,"template":"","format":"standard","meta":[],"categories":[4,7],"tags":[646,196,133,1664],"views":5242,"_links":{"self":[{"href":"https:\/\/carfree.fr\/index.php\/wp-json\/wp\/v2\/posts\/19469"}],"collection":[{"href":"https:\/\/carfree.fr\/index.php\/wp-json\/wp\/v2\/posts"}],"about":[{"href":"https:\/\/carfree.fr\/index.php\/wp-json\/wp\/v2\/types\/post"}],"author":[{"embeddable":true,"href":"https:\/\/carfree.fr\/index.php\/wp-json\/wp\/v2\/users\/840"}],"replies":[{"embeddable":true,"href":"https:\/\/carfree.fr\/index.php\/wp-json\/wp\/v2\/comments?post=19469"}],"version-history":[{"count":0,"href":"https:\/\/carfree.fr\/index.php\/wp-json\/wp\/v2\/posts\/19469\/revisions"}],"wp:featuredmedia":[{"embeddable":true,"href":"https:\/\/carfree.fr\/index.php\/wp-json\/wp\/v2\/media\/37681"}],"wp:attachment":[{"href":"https:\/\/carfree.fr\/index.php\/wp-json\/wp\/v2\/media?parent=19469"}],"wp:term":[{"taxonomy":"category","embeddable":true,"href":"https:\/\/carfree.fr\/index.php\/wp-json\/wp\/v2\/categories?post=19469"},{"taxonomy":"post_tag","embeddable":true,"href":"https:\/\/carfree.fr\/index.php\/wp-json\/wp\/v2\/tags?post=19469"}],"curies":[{"name":"wp","href":"https:\/\/api.w.org\/{rel}","templated":true}]}}