{"id":19958,"date":"2013-03-26T07:59:49","date_gmt":"2013-03-26T06:59:49","guid":{"rendered":"http:\/\/carfree.fr\/?p=19958"},"modified":"2022-05-11T11:15:49","modified_gmt":"2022-05-11T10:15:49","slug":"augustes-pedales-troisieme-edition","status":"publish","type":"post","link":"https:\/\/carfree.fr\/index.php\/2013\/03\/26\/augustes-pedales-troisieme-edition\/","title":{"rendered":"Augustes P\u00e9dales, troisi\u00e8me \u00e9dition"},"content":{"rendered":"<p><img decoding=\"async\" loading=\"lazy\" title=\"Pierre-Thiesset_photo-Christelle-Marilleau\" src=\"http:\/\/carfree.fr\/images\/Pierre-Thiesset_photo-Christelle-Marilleau.jpg\" alt=\"\" width=\"420\" height=\"200\" \/><\/p>\n<p>Voici le programme de la troisi\u00e8me \u00e9dition d&rsquo;Augustes P\u00e9dales qui se d\u00e9roulera \u00e0 la Station-Th\u00e9\u00e2tre, une ancienne station-service situ\u00e9e pr\u00e8s de Rennes, les 13 et 14 avril 2013. <!--more--><\/p>\n<p>Augustes P\u00e9dales, troisi\u00e8me \u00e9dition, circonvolutions po\u00e9tiques autour du v\u00e9locip\u00e8de: po\u00e9sie, litt\u00e9rature, cin\u00e9ma, th\u00e9\u00e2tre, performances, arts plastiques et m\u00e9caniques.<\/p>\n<p>Avec\u00a0:<\/p>\n<p>Dominique Cagnard, po\u00e8te et voix radiophonique des ondes lentes<br \/>\nPierre Thiesset, journaliste, auteur-\u00e9diteur et voyageur \u00e0 v\u00e9lo<br \/>\nYvan Gauzy, magicien, acrobate et &lsquo;patacycliste<br \/>\nGwenael De Boodt, com\u00e9dien et Marion Derrien, plasticienne<\/p>\n<p><strong>Les Samedi 13 et Dimanche 14 avril 2013<\/strong><\/p>\n<p><em>\u00e0 La Station-Th\u00e9\u00e2tre<br \/>\n1 route de Rennes, Beaus\u00e9jour, 35520 La M\u00e9zi\u00e8re<\/em><\/p>\n<p>En partenariat avec la communaut\u00e9 de communes du Val d&rsquo;Ille dans le cadre de <em>Le v\u00e9lo dans tous ses \u00e9tats<\/em>:<\/p>\n<p><strong>La cro\u00fbte du meuble<\/strong>, installation plastique de Marion Derrien<br \/>\ndu 5 avril au 5 mai, auvent de la Station-Th\u00e9\u00e2tre et rond-point du Val d&rsquo;Ille<\/p>\n<p>Puisque nous sommes s\u00e9dentaires, \u00e0 quoi bon pr\u00f4ner la mobilit\u00e9? A p\u00e9dales ou motoris\u00e9e, subie ou choisie, elle se traduit par un encombrement croissant de nos espaces vitaux, comme en nos logements l&rsquo;accumulation de meubles et d&rsquo;appareils \u00e9lectrom\u00e9nagers. Sous La cro\u00fbte du meuble se cache la plaie du trafic routier.<\/p>\n<p><strong>Lectures et d\u00e9dicaces<\/strong><br \/>\nSamedi 13 avril de 14H \u00e0 18H30, salle polyvalente de Melesse<\/p>\n<p>Tous les intervenants d&rsquo;Augustes P\u00e9dales seront pr\u00e9sents au stand de la Station-Th\u00e9\u00e2tre pendant la braderie v\u00e9lo du Val d&rsquo;Ille. Ils y d\u00e9dicaceront leurs ouvrages et en liront des extraits dans les bi et tri-porteur aimablement mis \u00e0 leur disposition par la boutique Chic cycle. Yvan Gauzy jouera ses Conf\u00e9rences clownesques \u00e0 16H<\/p>\n<p><strong><br \/>\nLes Cagnards disent&#8230;  lecture-spectacle<\/strong> \/ de 20H30 \u00e0 22H \/ payant<\/p>\n<p>Le po\u00e8te Dominique Cagnard, ancien \u00e9l\u00e8ve de Marcel Marceau et com\u00e9dien \u00e0 la Maison de la radio, dira ses propres po\u00e8mes, publi\u00e9s ou in\u00e9dits. Avec son petit fr\u00e8re, il veillera une vache\u00a0dans sa chambre, marchera dans les pas de la pluie, soignera sa lenteur et travaillera ses r\u00eaves pour ne pas devenir vieux.<\/p>\n<p><strong><br \/>\nDimanche 14 avril \u00e0 la Station-Th\u00e9\u00e2tre<\/strong><br \/>\n<strong><br \/>\nDeux roues, libres\u00a0! <\/strong> cin\u00e9ma \/ de 11H \u00e0 midi \/ gratuit<\/p>\n<p>Apr\u00e8s la projection de son film c\u00e9l\u00e9brant une \u00e9chapp\u00e9e de 6000 km \u00e0 bicyclette en Europe du nord et l&rsquo;espoir de v\u00e9lorutionner un monde esclave de la vitesse dans l&rsquo;\u00e9touffoir de la croissance, le cyclo-journaliste Pierre Thiesset, venu de Vierzon \u00e0 v\u00e9lo, r\u00e9pondra aux questions du public.<\/p>\n<p><strong>La sc\u00e8ne du crime<\/strong> performance avec le public \/ entre midi et 14H \/ gratuit<\/p>\n<p>Au carrefour o\u00f9 l&rsquo;on tue les plus fragiles, dessinez les silhouettes de vos amis&#8230;<\/p>\n<p><strong>Cagnard exquis<\/strong> atelier de lecture avec le public\u00a0\/ de 14H \u00e0 15H\u00a0\/ payant<\/p>\n<p>Arrivant de Coutances en train, le po\u00e8te Dominique Cagnard vous invite \u00e0 partager une lecture al\u00e9atoire de sa biblioth\u00e8que ambulante contenue dans de lourdes valises. Vous deviendrez les choristes \u00e9tonn\u00e9s d&rsquo;un tissage de pages dont les plus exquises co\u00efncidences vous entra\u00eeneront dans l&rsquo;extase du po\u00e8me.<\/p>\n<p><strong>Le Pas de C\u00f4t\u00e9<\/strong> rencontre avec un auteur-\u00e9diteur, lectures \/ de 15H30 \u00e0 17H\u00a0\/ gratuit<\/p>\n<p>O\u00f9 l&rsquo;on retrouve Pierre Thiesset qui pr\u00e9sentera son r\u00e9cit de voyage Deux roues, libres\u00a0!, son anthologie Les bienfaits de la v\u00e9locip\u00e9die de 1860 \u00e0 1900 et Voici des ailes, petit roman d&rsquo;amour cycliste de Maurice Leblanc. Un com\u00e9dien lira quelques extraits de chaque ouvrage.<\/p>\n<p><strong>Po\u00e8mes du carrefour bl\u00eame<\/strong> performance sur route \/ de 17H15 \u00e0 17H45\u00a0\/ gratuit<\/p>\n<p>Tentative de po\u00e8mes pour traverser les pare-brises et r\u00e9duire les moteurs au silence par Gwenael De Boodt<\/p>\n<p><strong>Conf\u00e9rences clownesques<\/strong> l&rsquo;art du trompe l&rsquo;oeil, l&rsquo;art de voyager, l&rsquo;art pour lard \/ de 18H \u00e0 19H \/ payant<\/p>\n<p>Clown, magicien, inventeur de machines \u00e0 rien telles que le tricycle sans roue pour aller nulle part ou le casque thermosiphon\u00e9 pour r\u00e9gler la circulation, Yvan Gauzy embarquera parents et enfants dans son univers &lsquo;pataphysique.<\/p>\n<p>Contact au 02 99 69 28 09, au 06 70 12 75 33 ou nous \u00e9crire \u00e0 <a href=\"mailto:lastationtheatre@gmail.com\">lastationtheatre@gmail.com<\/a><\/p>\n<p>Photo: Christelle Marilleau<\/p>\n","protected":false},"excerpt":{"rendered":"<p>Voici le programme de la troisi\u00e8me \u00e9dition d&rsquo;Augustes P\u00e9dales qui se d\u00e9roulera \u00e0 la Station-Th\u00e9\u00e2tre, une ancienne station-service situ\u00e9e pr\u00e8s de Rennes, les 13 et 14 avril 2013.<\/p>\n","protected":false},"author":537,"featured_media":19959,"comment_status":"open","ping_status":"closed","sticky":false,"template":"","format":"standard","meta":[],"categories":[4,73,7],"tags":[853,611,646,835,334,1314,1664],"views":6526,"_links":{"self":[{"href":"https:\/\/carfree.fr\/index.php\/wp-json\/wp\/v2\/posts\/19958"}],"collection":[{"href":"https:\/\/carfree.fr\/index.php\/wp-json\/wp\/v2\/posts"}],"about":[{"href":"https:\/\/carfree.fr\/index.php\/wp-json\/wp\/v2\/types\/post"}],"author":[{"embeddable":true,"href":"https:\/\/carfree.fr\/index.php\/wp-json\/wp\/v2\/users\/537"}],"replies":[{"embeddable":true,"href":"https:\/\/carfree.fr\/index.php\/wp-json\/wp\/v2\/comments?post=19958"}],"version-history":[{"count":0,"href":"https:\/\/carfree.fr\/index.php\/wp-json\/wp\/v2\/posts\/19958\/revisions"}],"wp:featuredmedia":[{"embeddable":true,"href":"https:\/\/carfree.fr\/index.php\/wp-json\/"}],"wp:attachment":[{"href":"https:\/\/carfree.fr\/index.php\/wp-json\/wp\/v2\/media?parent=19958"}],"wp:term":[{"taxonomy":"category","embeddable":true,"href":"https:\/\/carfree.fr\/index.php\/wp-json\/wp\/v2\/categories?post=19958"},{"taxonomy":"post_tag","embeddable":true,"href":"https:\/\/carfree.fr\/index.php\/wp-json\/wp\/v2\/tags?post=19958"}],"curies":[{"name":"wp","href":"https:\/\/api.w.org\/{rel}","templated":true}]}}