{"id":20068,"date":"2013-04-15T13:16:48","date_gmt":"2013-04-15T12:16:48","guid":{"rendered":"http:\/\/carfree.fr\/?p=20068"},"modified":"2019-07-08T12:25:18","modified_gmt":"2019-07-08T11:25:18","slug":"la-ville-a-30-kmh-na-que-des-avantages","status":"publish","type":"post","link":"https:\/\/carfree.fr\/index.php\/2013\/04\/15\/la-ville-a-30-kmh-na-que-des-avantages\/","title":{"rendered":"La ville \u00e0 30 km\/h n&rsquo;a que des avantages"},"content":{"rendered":"<p><img decoding=\"async\" loading=\"lazy\" title=\"depliant-ville-30\" src=\"http:\/\/carfree.fr\/images\/depliant-ville-30.jpg\" alt=\"\" width=\"420\" height=\"200\" \/><\/p>\n<p>Vous souhaitez voir votre ville passer \u00e0 30km\/heure mais vous ne savez pas comment vous y prendre pour convaincre les habitants et surtout les \u00e9lus. Voici un document p\u00e9dagogique qui vous aidera \u00e0 convaincre vos interlocuteurs que la ville 30 n&rsquo;a que des avantages. <!--more--><\/p>\n<p>La ville \u00e0 30 km\/heure, ce n&rsquo;est pas une utopie, mais d\u00e9j\u00e0 une r\u00e9alit\u00e9 dans de nombreuses villes fran\u00e7aises: Fontenay aux Roses, Sceaux, Clamart, S\u00e8vres, Nogent sur Marne, Rungis, Fontainebleau, Bougival, Lorient, Aytr\u00e9, etc.<\/p>\n<p>\u00c9galement, plusieurs villes ont le projet de passer en ville 30: Montreuil (93), Angers (49), Auray (56), Rennes (35)&#8230;<\/p>\n<p>Il faut le conc\u00e9der, le terme de \u00ab\u00a0ville 30\u00a0\u00bb n\u2019est pas forc\u00e9ment tr\u00e8s explicite et peut laisser libre cours \u00e0 toutes les interpr\u00e9tations. D\u2019un autre cot\u00e9, m\u00eame une fois le concept expliqu\u00e9, on ne peut couper aux r\u00e9actions de comptoir: \u00ab\u00a0<em>mais on va aller moins vite<\/em>\u00ab\u00a0,  \u00ab\u00a0<em>rouler \u00e0 30 c\u2019est trop dur<\/em>\u00ab\u00a0, etc.<\/p>\n<p>C&rsquo;est pourquoi, l&rsquo;association <a title=\"http:\/\/ville30.org\" href=\"http:\/\/ville30.org\" target=\"_blank\">ville30.org<\/a> a eu l&rsquo;id\u00e9e de cr\u00e9er un <a title=\"http:\/\/ville30.files.wordpress.com\/2013\/04\/depliant-ville-30.pdf\" href=\"http:\/\/ville30.files.wordpress.com\/2013\/04\/depliant-ville-30.pdf\" target=\"_blank\">d\u00e9pliant<\/a> tr\u00e8s p\u00e9dagogique sur la ville 30. Son objectif est de mettre des images sur le concept: une ville 30 apr\u00e8s tout n\u2019est que le r\u00e9sultat de l\u2019am\u00e9nagement de chaque espace en fonction de ses usages. C\u2019est donc le contraire du tout ou rien que certains croient ou veulent y voir.<\/p>\n<p>Les principaux b\u00e9n\u00e9fices de la ville 30 sont \u00e9galement rappel\u00e9s (s\u00e9curit\u00e9, convivialit\u00e9, mobilit\u00e9, limitation des nuisances, int\u00e9r\u00eat pour la collectivit\u00e9, les commerces et les automobilistes). Enfin quelques id\u00e9es re\u00e7ues sont remises \u00e0 leur place et la liste (non exhaustive) des villes 30 existantes et en projet est fournie pour rappeler que la ville 30 n\u2019est pas une utopie mais une r\u00e9alit\u00e9.<\/p>\n<p><a title=\"http:\/\/ville30.files.wordpress.com\/2013\/04\/depliant-ville-30.pdf\" href=\"http:\/\/ville30.files.wordpress.com\/2013\/04\/depliant-ville-30.pdf\" target=\"_blank\">T\u00e9l\u00e9charger le d\u00e9pliant<\/a> (pdf)<\/p>\n<p>Source: <a title=\"http:\/\/ville30.org\/2013\/04\/13\/depliant-ville-30-concept-et-arguments-en-2-pages\/\" href=\"http:\/\/ville30.org\/2013\/04\/13\/depliant-ville-30-concept-et-arguments-en-2-pages\/\" target=\"_blank\">http:\/\/ville30.org\/2013\/04\/13\/depliant-ville-30-concept-et-arguments-en-2-pages\/<\/a><\/p>\n","protected":false},"excerpt":{"rendered":"<p>Vous souhaitez voir votre ville passer \u00e0 30km\/heure mais vous ne savez pas comment vous y prendre pour convaincre les habitants et surtout les \u00e9lus. Voici un document p\u00e9dagogique qui <a class=\"more-link\" href=\"https:\/\/carfree.fr\/index.php\/2013\/04\/15\/la-ville-a-30-kmh-na-que-des-avantages\/\">Lire la suite&#8230;<\/a><\/p>\n","protected":false},"author":249,"featured_media":20069,"comment_status":"open","ping_status":"closed","sticky":false,"template":"","format":"standard","meta":[],"categories":[4,127,9,72,7],"tags":[146,498,1346,750,858,440,767,451,334,1667,1515,749,1514,220,34,1043,144,445],"views":10369,"_links":{"self":[{"href":"https:\/\/carfree.fr\/index.php\/wp-json\/wp\/v2\/posts\/20068"}],"collection":[{"href":"https:\/\/carfree.fr\/index.php\/wp-json\/wp\/v2\/posts"}],"about":[{"href":"https:\/\/carfree.fr\/index.php\/wp-json\/wp\/v2\/types\/post"}],"author":[{"embeddable":true,"href":"https:\/\/carfree.fr\/index.php\/wp-json\/wp\/v2\/users\/249"}],"replies":[{"embeddable":true,"href":"https:\/\/carfree.fr\/index.php\/wp-json\/wp\/v2\/comments?post=20068"}],"version-history":[{"count":0,"href":"https:\/\/carfree.fr\/index.php\/wp-json\/wp\/v2\/posts\/20068\/revisions"}],"wp:featuredmedia":[{"embeddable":true,"href":"https:\/\/carfree.fr\/index.php\/wp-json\/"}],"wp:attachment":[{"href":"https:\/\/carfree.fr\/index.php\/wp-json\/wp\/v2\/media?parent=20068"}],"wp:term":[{"taxonomy":"category","embeddable":true,"href":"https:\/\/carfree.fr\/index.php\/wp-json\/wp\/v2\/categories?post=20068"},{"taxonomy":"post_tag","embeddable":true,"href":"https:\/\/carfree.fr\/index.php\/wp-json\/wp\/v2\/tags?post=20068"}],"curies":[{"name":"wp","href":"https:\/\/api.w.org\/{rel}","templated":true}]}}