{"id":20112,"date":"2013-04-24T07:19:47","date_gmt":"2013-04-24T06:19:47","guid":{"rendered":"http:\/\/carfree.fr\/?p=20112"},"modified":"2020-11-18T08:39:51","modified_gmt":"2020-11-18T07:39:51","slug":"velorution-universelle-en-juillet-2013-a-marseille","status":"publish","type":"post","link":"https:\/\/carfree.fr\/index.php\/2013\/04\/24\/velorution-universelle-en-juillet-2013-a-marseille\/","title":{"rendered":"V\u00e9lorution Universelle en juillet 2013 \u00e0 Marseille"},"content":{"rendered":"<p><img decoding=\"async\" loading=\"lazy\" title=\"velorution-universelle-marseille\" src=\"http:\/\/carfree.fr\/images\/velorution-universelle-marseille.jpg\" alt=\"\" width=\"420\" height=\"200\" \/><\/p>\n<p>Les 4, 5, 6 et 7 juillet 2013 venez \u00e0 Marseille, la Capitale Europ\u00e9enne de la  Culture rebaptis\u00e9e Capitale Europ\u00e9enne de la Voiture pour la v\u00e9lorution  universelle 2013, \u00e9v\u00e9nement annuel national invitant tous les  v\u00e9lorutionnaires de France et surtout d\u2019ailleurs. <!--more--><\/p>\n<p>4 jours de festivit\u00e9s autour du v\u00e9lo dans la ville la plus ancienne,  la plus vaste et la plus ensoleill\u00e9e de France \u00e0 la confluence de  l\u2019Italie, de la France et de l\u2019Espagne.<\/p>\n<p>Parce qu\u2019ici, plus que partout ailleurs la voiture est encore reine\u2026  Parce qu\u2019ici, la petite reine n\u2019a pas encore la place qu\u2019elle m\u00e9rite\u2026<\/p>\n<h4>Informations techniques<\/h4>\n<p>Privil\u00e9giez un h\u00e9bergement via vos amis, warmshower, couchsurfing. On  trouvera peut \u00eatre au dernier moment un petit coin sympa pour tous. De  plus, \u00e0 Marseille un nombre incalculable de plages n\u2019attendent que vos  serviettes pour faire la sieste ou plus. Enfin, nous sommes en  partenariat avec le <a href=\"http:\/\/www.yeswecamp.org\" target=\"_blank\">Yes, We Camp !<\/a> pour vous offrir un h\u00e9bergement en camping.<br \/>\nPour se rendre \u00e0 Marseille, plusieurs convergences de v\u00e9lo s\u2019organisent  d\u00e9j\u00e0. Paris, Nancy, Grenoble, Toulouse, Poitiers et Tours (San Francisco  et sans doute d\u2019autres pays) sont d\u00e9j\u00e0 dans les starting-blocks.<\/p>\n<p>Contactez-nous ou rendez-vous sur la future page correspondante sur  le site pour en savoir plus et recueillir les contacts des diff\u00e9rents  convois. Vous pouvez aussi vous abonner \u00e0 cette liste,\u00a0 en envoyant un message \u00e0 sympa @ ml.velorution.org avec seulement pour objet : \u00ab\u00a0subscribe voyagemarseille2013\u2033<\/p>\n<p>Vous trouverez tout le mat\u00e9riel visuel sur le site web, y compris les flyers que nous vous invitons \u00e0 imprimer.<\/p>\n<p><a href=\"http:\/\/velorutionuniverselle.org\/precedemment\/marseille-2013\/\" target=\"_blank\">V\u00e9lorution Universelle 2013 \/ Critical Mass\u2019ilia<\/a><\/p>\n","protected":false},"excerpt":{"rendered":"<p>Les 4, 5, 6 et 7 juillet 2013 venez \u00e0 Marseille, la Capitale Europ\u00e9enne de la Culture rebaptis\u00e9e Capitale Europ\u00e9enne de la Voiture pour la v\u00e9lorution universelle 2013, \u00e9v\u00e9nement annuel <a class=\"more-link\" href=\"https:\/\/carfree.fr\/index.php\/2013\/04\/24\/velorution-universelle-en-juillet-2013-a-marseille\/\">Lire la suite&#8230;<\/a><\/p>\n","protected":false},"author":168,"featured_media":20113,"comment_status":"open","ping_status":"closed","sticky":false,"template":"","format":"standard","meta":[],"categories":[4,7],"tags":[181,646,194,16,333,93,204,342,106,444,218,398,1664,113],"views":7397,"_links":{"self":[{"href":"https:\/\/carfree.fr\/index.php\/wp-json\/wp\/v2\/posts\/20112"}],"collection":[{"href":"https:\/\/carfree.fr\/index.php\/wp-json\/wp\/v2\/posts"}],"about":[{"href":"https:\/\/carfree.fr\/index.php\/wp-json\/wp\/v2\/types\/post"}],"author":[{"embeddable":true,"href":"https:\/\/carfree.fr\/index.php\/wp-json\/wp\/v2\/users\/168"}],"replies":[{"embeddable":true,"href":"https:\/\/carfree.fr\/index.php\/wp-json\/wp\/v2\/comments?post=20112"}],"version-history":[{"count":0,"href":"https:\/\/carfree.fr\/index.php\/wp-json\/wp\/v2\/posts\/20112\/revisions"}],"wp:featuredmedia":[{"embeddable":true,"href":"https:\/\/carfree.fr\/index.php\/wp-json\/"}],"wp:attachment":[{"href":"https:\/\/carfree.fr\/index.php\/wp-json\/wp\/v2\/media?parent=20112"}],"wp:term":[{"taxonomy":"category","embeddable":true,"href":"https:\/\/carfree.fr\/index.php\/wp-json\/wp\/v2\/categories?post=20112"},{"taxonomy":"post_tag","embeddable":true,"href":"https:\/\/carfree.fr\/index.php\/wp-json\/wp\/v2\/tags?post=20112"}],"curies":[{"name":"wp","href":"https:\/\/api.w.org\/{rel}","templated":true}]}}