{"id":20189,"date":"2013-05-21T08:48:14","date_gmt":"2013-05-21T07:48:14","guid":{"rendered":"http:\/\/carfree.fr\/?p=20189"},"modified":"2016-05-25T13:03:55","modified_gmt":"2016-05-25T12:03:55","slug":"comment-creer-un-double-sens-cyclable","status":"publish","type":"post","link":"https:\/\/carfree.fr\/index.php\/2013\/05\/21\/comment-creer-un-double-sens-cyclable\/","title":{"rendered":"Comment cr\u00e9er un double sens cyclable?"},"content":{"rendered":"<p><img decoding=\"async\" loading=\"lazy\" title=\"creer-un-double-sens-cyclable\" src=\"http:\/\/carfree.fr\/images\/creer-un-double-sens-cyclable.jpg\" alt=\"\" width=\"420\" height=\"200\" \/><\/p>\n<p>Plus d\u2019un an apr\u00e8s les engagements pris -\u00e0 la suite de la campagne Bizi Kleta- par la municipalit\u00e9 de Biarritz en mati\u00e8re d\u2019am\u00e9nagements cyclables, rien n\u2019a \u00e9t\u00e9 fait ! Bizi ! a donc d\u00e9cid\u00e9 de commencer \u00e0 r\u00e9aliser elle-m\u00eame les premiers travaux et appelle les cyclistes de Biarritz \u00e0 la rejoindre le mercredi 5 juin \u00e0 19H00, place Cl\u00e9menceau, \u00e0 l\u2019occasion de la journ\u00e9e mondiale de l\u2019environnement. <!--more--><\/p>\n<p>Le mercredi 5 juin 2013, l\u2019association \u00e9cologiste appelle tous les cyclistes du B.A.B. (Bayonne-Anglet-Biarritz) \u00e0 la rejoindre pour cr\u00e9er un double sens cyclable rue Mazagran, en plein c\u0153ur du centre ville de Biarritz.<\/p>\n<p>Bizi ! compte ainsi d\u00e9montrer qu\u2019il s\u2019agit d\u2019un am\u00e9nagement simple \u00e0 faire et peu co\u00fbteux. \u00ab\u00a0<em>Le double sens cyclable de Mazagran est imm\u00e9diatement r\u00e9alisable et son int\u00e9r\u00eat est \u00e9vident. Il facilitera la circulation des cyclistes dans Biarritz o\u00f9 les voies en sens unique sont nombreuses<\/em>\u00a0\u00bb indique Eric Lecoutre, porte parole de Bizi !<\/p>\n<p>Mais c\u2019est aussi une action symbolique de lutte contre le r\u00e9chauffement climatique qui sera ainsi men\u00e9e lors de cette journ\u00e9e mondiale de l\u2019environnement. Dans l\u2019agglom\u00e9ration de Bayonne-Anglet-Biarritz, plus de la moiti\u00e9 des \u00e9missions de gaz \u00e0 effet de serre est li\u00e9e au transport des personnes, majoritairement en voiture individuelle et souvent sur des trajets courts : il est urgent de proposer des alternatives \u00e0 la population. La r\u00e9alisation d\u2019am\u00e9nagements cyclables \u00e0 Biarritz et ailleurs facilitera la pratique quotidienne du v\u00e9lo qui constitue une alternative de bon sens, \u00e9conomique, \u00e9cologique et b\u00e9n\u00e9fique pour la sant\u00e9.<\/p>\n<p>En plein d\u00e9bat sur la transition \u00e9nerg\u00e9tique, \u00e0 moins d\u2019un an des municipales, c\u2019est le moment ou jamais d\u2019exiger des politiques municipales et intercommunales ambitieuses en mati\u00e8re de sobri\u00e9t\u00e9 \u00e9nerg\u00e9tique et de lutte contre le changement climatique.<\/p>\n<p><span style=\"font-family: Arial,sans-serif;\"><strong>Toutes et tous avec vos v\u00e9los \u00e0 Biarritz, place Cl\u00e9menceau, <\/strong><\/span><br \/>\n<span style=\"font-family: Arial,sans-serif;\"><strong>le mercredi 5 juin \u00e0 19H00\u00a0!<\/strong><\/span><br \/>\n<span style=\"font-family: Arial,sans-serif;\"><span style=\"font-size: x-small;\">(Bayonne : D\u00e9part group\u00e9 en v\u00e9lo : 18H15 devant le local de Bizi !<\/span><\/span><br \/>\n<span style=\"font-family: Arial,sans-serif;\"><span style=\"font-size: x-small;\">Anglet : rendez-vous \u00e0 18H30 Avenue de Bayonne en face de la Taverne de Maitre Kanter <\/span><\/span><\/p>\n<p>Source: <a title=\"http:\/\/www.bizimugi.eu\/fr\/bizi-amenagera-un-double-sens-cyclable-rue-mazagran-a-biarritz\/\" href=\"http:\/\/www.bizimugi.eu\/fr\/bizi-amenagera-un-double-sens-cyclable-rue-mazagran-a-biarritz\/\" target=\"_blank\">http:\/\/www.bizimugi.eu\/fr\/bizi-amenagera-un-double-sens-cyclable-rue-mazagran-a-biarritz\/<\/a><\/p>\n<p><a href=\"http:\/\/carfree.fr\/images\/webbizi-affiche5juin-fr1.jpg\"><img decoding=\"async\" loading=\"lazy\" title=\"webbizi-affiche5juin-fr1\" src=\"http:\/\/carfree.fr\/images\/webbizi-affiche5juin-fr1.jpg\" alt=\"webbizi\" width=\"420\" height=\"594\" \/><\/a><\/p>\n","protected":false},"excerpt":{"rendered":"<p>Plus d\u2019un an apr\u00e8s les engagements pris -\u00e0 la suite de la campagne Bizi Kleta- par la municipalit\u00e9 de Biarritz en mati\u00e8re d\u2019am\u00e9nagements cyclables, rien n\u2019a \u00e9t\u00e9 fait ! Bizi <a class=\"more-link\" href=\"https:\/\/carfree.fr\/index.php\/2013\/05\/21\/comment-creer-un-double-sens-cyclable\/\">Lire la suite&#8230;<\/a><\/p>\n","protected":false},"author":461,"featured_media":20190,"comment_status":"open","ping_status":"closed","sticky":false,"template":"","format":"standard","meta":[],"categories":[4,7],"tags":[181,146,507,447,57,646,1525,84,1664],"views":6496,"_links":{"self":[{"href":"https:\/\/carfree.fr\/index.php\/wp-json\/wp\/v2\/posts\/20189"}],"collection":[{"href":"https:\/\/carfree.fr\/index.php\/wp-json\/wp\/v2\/posts"}],"about":[{"href":"https:\/\/carfree.fr\/index.php\/wp-json\/wp\/v2\/types\/post"}],"author":[{"embeddable":true,"href":"https:\/\/carfree.fr\/index.php\/wp-json\/wp\/v2\/users\/461"}],"replies":[{"embeddable":true,"href":"https:\/\/carfree.fr\/index.php\/wp-json\/wp\/v2\/comments?post=20189"}],"version-history":[{"count":0,"href":"https:\/\/carfree.fr\/index.php\/wp-json\/wp\/v2\/posts\/20189\/revisions"}],"wp:featuredmedia":[{"embeddable":true,"href":"https:\/\/carfree.fr\/index.php\/wp-json\/"}],"wp:attachment":[{"href":"https:\/\/carfree.fr\/index.php\/wp-json\/wp\/v2\/media?parent=20189"}],"wp:term":[{"taxonomy":"category","embeddable":true,"href":"https:\/\/carfree.fr\/index.php\/wp-json\/wp\/v2\/categories?post=20189"},{"taxonomy":"post_tag","embeddable":true,"href":"https:\/\/carfree.fr\/index.php\/wp-json\/wp\/v2\/tags?post=20189"}],"curies":[{"name":"wp","href":"https:\/\/api.w.org\/{rel}","templated":true}]}}